{"id":10025,"date":"2012-06-22T07:55:39","date_gmt":"2012-06-22T05:55:39","guid":{"rendered":"http:\/\/terragina.de\/blog\/?p=10025"},"modified":"2012-06-22T07:56:48","modified_gmt":"2012-06-22T05:56:48","slug":"freitags-fuller-169","status":"publish","type":"post","link":"https:\/\/terragina.de\/blog\/2012\/06\/22\/freitags-fuller-169\/","title":{"rendered":"Freitags-F\u00c3\u00bcller #169"},"content":{"rendered":"<p>Guten Morgen Welt &#8211; am Tag des Viertelfinales strahlt draussen die Sonne vom Himmel. K\u00c3\u00bchl ist`s noch bei 15\u00c2\u00b0C, aber es sieht nach einem sch\u00c3\u00b6nen Tag aus. Habt Ihr das Spiel gestern gesehen? Ich h\u00c3\u00a4tte es den Tschechen geg\u00c3\u00b6nnt. Nun steht eben Portugal im Halbfinale. Wichtig ist ja, was Jogis Jungs heute machen.<\/p>\n<p>Der Tag beginnt hier mit einer sch\u00c3\u00b6nen Tasse Cappuccino, sch\u00c3\u00b6ner Musik aus dem CD-Player und Barbaras<\/p>\n<div style=\"text-align: center;\">\n  <a title=\"Barbara`s Scrap-Impulse mitnehmen\" href=\"http:\/\/scrap-impulse.typepad.com\/scrapimpulse\/2012\/06\/freitags-f%C3%BCller-169.html\"><img loading=\"lazy\" decoding=\"async\" src=\"http:\/\/terragina.de\/blog\/images\/freitags_fueller.jpg\" alt=\"freitags_fueller.jpg\" width=\"400\" height=\"87\" \/><\/a>\n<\/div>\n<p>Ist ja schon fast zu einer gern erf\u00c3\u00bcllten Pflicht\u00c3\u00bcbung geworden. ;)<\/p>\n<p>\n1. Wenn ich k\u00c3\u00b6nnte wie ich wollte, <strong><font color=\"#8C64B4\">w\u00c3\u00bcrde ich ein paar Tage weg fliegen. In die Sonne, ans Meer. Hatte ich es schon mal hier im Blog erw\u00c3\u00a4hnt?<\/font><\/strong><\/p>\n<p>2. <strong><font color=\"#8C64B4\">Welch wohlklingendes Wort in meinen Ohren:<\/font><\/strong> Urlaub.<\/p>\n<p>3. Nein, wir werden nicht <strong><font color=\"#8C64B4\">in den Sommerferien in den Urlaub fahren &#8211; das tun wir uns nicht an. Schlie\u00c3\u0178lich haben wir schon gro\u00c3\u0178e Kinder<\/font><\/strong>.<\/p>\n<p>4. <strong><font color=\"#8C64B4\">Heute gibt`s bei mir nur den Cappu<\/font><\/strong> zum Fr\u00c3\u00bchst\u00c3\u00bcck.<\/p>\n<p>5. Es ist immer sch\u00c3\u00b6n <strong><font color=\"#8C64B4\">wenn donnerstags die Uhr auf 12 Uhr zu krabbelt. Das bedeutet: Gleich habe ich Wochenende<\/font><\/strong>.<\/p>\n<p>6. <strong><font color=\"#8C64B4\">Manche Leute machen es sich<\/font><\/strong> extra bequem. <em><font color=\"#8C64B4\">(auf Kosten von anderen\u00e2\u20ac\u00a6 )<\/font><\/em><\/p>\n<p>7. Was das Wochenende angeht, heute Abend freue ich mich auf <strong><font color=\"#8C64B4\">Deutschland gegen Griechenland<\/font><\/strong>, morgen habe ich <strong><font color=\"#8C64B4\">eigentlich noch gar nichts Spezielles<\/font><\/strong> geplant und Sonntag m\u00c3\u00b6chte ich <strong><font color=\"#8C64B4\">einen gem\u00c3\u00bctlichen Tag mit meinen Lieben verbringen<\/font><\/strong>!<\/p>\n<p><\/p>\n<div style=\"text-align: center;\">\n  <img loading=\"lazy\" decoding=\"async\" src=\"http:\/\/terragina.de\/blog\/wp-content\/uploads\/2012\/06\/deutschlandkuesse.jpg\" width=\"580\" height=\"445\" alt=\"deutschlandkuesse.jpg\" \/>\n<\/div>\n<p><\/p>\n<p><em>Einige von Euch fiebern ja &#8211; genau wie wir &#8211; bei der KO-Runde mit. Ich w\u00c3\u00bcnsche uns allen ganz viel Spa\u00c3\u0178 heute Abend! Ein klein wenig Patriotismus darf (oder mu\u00c3\u0178?) schon sein.<\/em> :yes1:<\/p>\n","protected":false},"excerpt":{"rendered":"<p>Guten Morgen Welt &#8211; am Tag des Viertelfinales strahlt draussen die Sonne vom Himmel. K\u00c3\u00bchl ist`s noch bei 15\u00c2\u00b0C, aber es sieht nach einem sch\u00c3\u00b6nen Tag aus. Habt Ihr das Spiel gestern gesehen? Ich h\u00c3\u00a4tte es den Tschechen geg\u00c3\u00b6nnt. Nun steht eben Portugal im Halbfinale. Wichtig ist ja, was Jogis Jungs heute machen. Der Tag beginnt hier mit einer sch\u00c3\u00b6nen Tasse Cappuccino, sch\u00c3\u00b6ner Musik aus dem CD-Player und Barbaras Ist ja schon fast zu einer gern erf\u00c3\u00bcllten Pflicht\u00c3\u00bcbung geworden. ;) 1. Wenn ich k\u00c3\u00b6nnte wie ich wollte, w\u00c3\u00bcrde ich ein paar Tage weg fliegen. In die Sonne, ans Meer. Hatte ich es schon mal hier im Blog erw\u00c3\u00a4hnt? 2. Welch wohlklingendes Wort in meinen Ohren: Urlaub. 3. Nein, wir werden nicht in den Sommerferien in den Urlaub fahren &#8211; das tun wir uns nicht an. Schlie\u00c3\u0178lich haben wir schon gro\u00c3\u0178e Kinder. 4. Heute gibt`s bei mir nur den Cappu zum Fr\u00c3\u00bchst\u00c3\u00bcck. 5. Es ist immer sch\u00c3\u00b6n wenn donnerstags die Uhr auf 12 Uhr zu krabbelt. Das bedeutet: Gleich habe ich Wochenende. 6. Manche Leute machen &hellip;<\/p>\n","protected":false},"author":1,"featured_media":0,"comment_status":"open","ping_status":"open","sticky":false,"template":"","format":"standard","meta":{"_jetpack_newsletter_access":"","_jetpack_dont_email_post_to_subs":false,"_jetpack_newsletter_tier_id":0,"_jetpack_memberships_contains_paywalled_content":false,"_jetpack_memberships_contains_paid_content":false,"footnotes":""},"categories":[114,94],"tags":[973,969],"class_list":["post-10025","post","type-post","status-publish","format-standard","hentry","category-plauderecke","category-stoeckchen","tag-plauderecke","tag-stoeckchen"],"jetpack_sharing_enabled":true,"jetpack_shortlink":"https:\/\/wp.me\/pq7aY-2BH","jetpack_likes_enabled":true,"jetpack-related-posts":[],"jetpack_featured_media_url":"","_links":{"self":[{"href":"https:\/\/terragina.de\/blog\/wp-json\/wp\/v2\/posts\/10025","targetHints":{"allow":["GET"]}}],"collection":[{"href":"https:\/\/terragina.de\/blog\/wp-json\/wp\/v2\/posts"}],"about":[{"href":"https:\/\/terragina.de\/blog\/wp-json\/wp\/v2\/types\/post"}],"author":[{"embeddable":true,"href":"https:\/\/terragina.de\/blog\/wp-json\/wp\/v2\/users\/1"}],"replies":[{"embeddable":true,"href":"https:\/\/terragina.de\/blog\/wp-json\/wp\/v2\/comments?post=10025"}],"version-history":[{"count":0,"href":"https:\/\/terragina.de\/blog\/wp-json\/wp\/v2\/posts\/10025\/revisions"}],"wp:attachment":[{"href":"https:\/\/terragina.de\/blog\/wp-json\/wp\/v2\/media?parent=10025"}],"wp:term":[{"taxonomy":"category","embeddable":true,"href":"https:\/\/terragina.de\/blog\/wp-json\/wp\/v2\/categories?post=10025"},{"taxonomy":"post_tag","embeddable":true,"href":"https:\/\/terragina.de\/blog\/wp-json\/wp\/v2\/tags?post=10025"}],"curies":[{"name":"wp","href":"https:\/\/api.w.org\/{rel}","templated":true}]}}