{"id":10097,"date":"2012-07-05T15:32:25","date_gmt":"2012-07-05T13:32:25","guid":{"rendered":"http:\/\/terragina.de\/blog\/?p=10097"},"modified":"2012-07-05T15:32:28","modified_gmt":"2012-07-05T13:32:28","slug":"mir-ist-warm","status":"publish","type":"post","link":"https:\/\/terragina.de\/blog\/2012\/07\/05\/mir-ist-warm\/","title":{"rendered":"Mir ist warm"},"content":{"rendered":"<p style=\"text-align: center;\">\u00e2\u20ac\u00a6 und nicht nur mir. Den Miezen auch.<\/p>\n<p><\/p>\n<p><\/p>\n<div style=\"text-align: center;\">\n  <img loading=\"lazy\" decoding=\"async\" src=\"http:\/\/terragina.de\/blog\/wp-content\/uploads\/2012\/07\/uns_ist_warm.jpg\" width=\"460\" height=\"460\" alt=\"uns_ist_warm.jpg\" \/>\n<\/div>\n<p><\/p>\n<p>Aber: Ich m\u00c3\u00b6chte ja hier nicht jammern. Wir wollten ja schlie\u00c3\u0178lich Sommer. Aber ganz leise frage ich Euch: Muss es gleich wieder so dr\u00c3\u00bcckend sein? Kann es nicht mal angenehme 25\u00c2\u00b0C haben und Sonnenschein? Irgendwie ist das fast unm\u00c3\u00b6glich\u00e2\u20ac\u00a6 :(<\/p>\n","protected":false},"excerpt":{"rendered":"<p>\u00e2\u20ac\u00a6 und nicht nur mir. Den Miezen auch. Aber: Ich m\u00c3\u00b6chte ja hier nicht jammern. Wir wollten ja schlie\u00c3\u0178lich Sommer. Aber ganz leise frage ich Euch: Muss es gleich wieder so dr\u00c3\u00bcckend sein? Kann es nicht mal angenehme 25\u00c2\u00b0C haben und Sonnenschein? Irgendwie ist das fast unm\u00c3\u00b6glich\u00e2\u20ac\u00a6 :(<\/p>\n","protected":false},"author":1,"featured_media":0,"comment_status":"open","ping_status":"open","sticky":false,"template":"","format":"standard","meta":{"_jetpack_newsletter_access":"","_jetpack_dont_email_post_to_subs":false,"_jetpack_newsletter_tier_id":0,"_jetpack_memberships_contains_paywalled_content":false,"_jetpack_memberships_contains_paid_content":false,"footnotes":""},"categories":[114],"tags":[965,25,30,418,973],"class_list":["post-10097","post","type-post","status-publish","format-standard","hentry","category-plauderecke","tag-beverly","tag-cats","tag-maine-coon","tag-padano","tag-plauderecke"],"jetpack_sharing_enabled":true,"jetpack_shortlink":"https:\/\/wp.me\/pq7aY-2CR","jetpack_likes_enabled":true,"jetpack-related-posts":[],"jetpack_featured_media_url":"","_links":{"self":[{"href":"https:\/\/terragina.de\/blog\/wp-json\/wp\/v2\/posts\/10097","targetHints":{"allow":["GET"]}}],"collection":[{"href":"https:\/\/terragina.de\/blog\/wp-json\/wp\/v2\/posts"}],"about":[{"href":"https:\/\/terragina.de\/blog\/wp-json\/wp\/v2\/types\/post"}],"author":[{"embeddable":true,"href":"https:\/\/terragina.de\/blog\/wp-json\/wp\/v2\/users\/1"}],"replies":[{"embeddable":true,"href":"https:\/\/terragina.de\/blog\/wp-json\/wp\/v2\/comments?post=10097"}],"version-history":[{"count":0,"href":"https:\/\/terragina.de\/blog\/wp-json\/wp\/v2\/posts\/10097\/revisions"}],"wp:attachment":[{"href":"https:\/\/terragina.de\/blog\/wp-json\/wp\/v2\/media?parent=10097"}],"wp:term":[{"taxonomy":"category","embeddable":true,"href":"https:\/\/terragina.de\/blog\/wp-json\/wp\/v2\/categories?post=10097"},{"taxonomy":"post_tag","embeddable":true,"href":"https:\/\/terragina.de\/blog\/wp-json\/wp\/v2\/tags?post=10097"}],"curies":[{"name":"wp","href":"https:\/\/api.w.org\/{rel}","templated":true}]}}