{"id":10108,"date":"2012-07-07T09:16:17","date_gmt":"2012-07-07T07:16:17","guid":{"rendered":"http:\/\/terragina.de\/blog\/?p=10108"},"modified":"2012-07-07T12:14:45","modified_gmt":"2012-07-07T10:14:45","slug":"fantastical","status":"publish","type":"post","link":"https:\/\/terragina.de\/blog\/2012\/07\/07\/fantastical\/","title":{"rendered":"Fantastical"},"content":{"rendered":"<p><a href=\"http:\/\/itunes.apple.com\/de\/app\/fantastical\/id435003921?mt=12\"><img loading=\"lazy\" decoding=\"async\" src=\"http:\/\/terragina.de\/blog\/wp-content\/uploads\/2012\/07\/fantastical_icon.jpg\" width=\"100\" height=\"100\" alt=\"fantastical_icon.jpg\" style=\"float:left; margin-right:10px; margin-bottom:10px;\" \/><\/a><\/p>\n<p>Ihr lieben Mac-Besitzer, kennt Ihr schon \u00e2\u20ac\u017eFantastical\u00e2\u20ac\u009d?<\/p>\n<p>Wenn nicht, dann empfehle ich Euch diese h\u00c3\u00bcbsche Kalender-App f\u00c3\u00bcr Mac ganz dringend, denn aktuell ist die App auch noch um 50% reduziert und f\u00c3\u00bcr kleine 7,99 Euronen zu haben. (Ich selber habe noch das doppelte bezahlt\u00e2\u20ac\u00a6 so ist das Leben&#8230;)<\/p>\n<p>Also, was kann Fantastical, was iCal nicht kann? Das m\u00c3\u00b6chte ich hier gerne erz\u00c3\u00a4hlen.<\/p>\n<p>Stellt Euch einfach mal vor, ihr m\u00c3\u00b6chtet am kommenden Donnerstag um 16:00 mit einer Freundin im Einkaufszentrum shoppen gehen. Die Vorgehensweise in iCal d\u00c3\u00bcrfte allen Mac-Usern bekannt sein. Wie toll ist es aber bitte, einfach in ein Fensterchen das folgende einzutippen: \u00e2\u20ac\u017e<font color=\"#92238F\">am Donnerstag 16 Uhr Kaffee mit Saskia im NWZ<\/font>\u00e2\u20ac\u009d?<\/p>\n<p>So k\u00c3\u00b6nnte das dann in Fantastical (was sich wunderh\u00c3\u00bcbsch oben in der Leiste einnistet &#8211; auf Wunsch sogar in Farbe) aussehen:<\/p>\n<div style=\"text-align: center;\">\n  <img loading=\"lazy\" decoding=\"async\" src=\"http:\/\/terragina.de\/blog\/wp-content\/uploads\/2012\/07\/fantastical_ss_01.jpg\" width=\"291\" height=\"298\" alt=\"fantastical_ss_01.jpg\" \/>\n<\/div>\n<p><\/p>\n<p>Gro\u00c3\u0178artig, oder? Mit ein paar wenigen Klicks sind auch noch ein paar weitere Infos erg\u00c3\u00a4nzt, wie z.B. in wessen Kalender dieser Termin erscheinen und ob eine Erinnerung erstellt werden soll.<\/p>\n<p>Eingetragene Termine k\u00c3\u00b6nnen dann so aussehen:<\/p>\n<div style=\"text-align: center;\">\n  <img loading=\"lazy\" decoding=\"async\" src=\"http:\/\/terragina.de\/blog\/wp-content\/uploads\/2012\/07\/fantastical_ss_02.jpg\" width=\"291\" height=\"520\" alt=\"fantastical_ss_02.jpg\" \/>\n<\/div>\n<p><\/p>\n<p>Selbstverst\u00c3\u00a4ndlich werden alle eingegebenen Daten auch mit iCal (und \u00c3\u00bcber die iCloud) synchronisiert. Oder mit diversen anderen Kalendern wie z.B. dem Google oder Yahoo! Calendar.<\/p>\n<p>Mir pers\u00c3\u00b6nlich gef\u00c3\u00a4llt dieser Kalender viel, viel, viel besser als iCal. Ich liebe die Suchfunktion und die ganze Optik. Auch Erinnerungen lassen sich kinderleicht erstellen &#8211; daf\u00c3\u00bcr wird einfach der kleine Schieberegler (auf dem ersten Screenshot oben rechts) auf das H\u00c3\u00a4kchen gestellt.<\/p>\n<p>Neugierig geworden? Dann klickt oben auf das Icon, um weitere Informationen zu bekommen oder besucht direkt den App-Store. Ich hoffe, Ihr habt mit dieser App genauso viel Spa\u00c3\u0178 wie ich. ;)<\/p>\n<p>\u00c3\u0153brigens: Das farbige Fantastical-Icon in der Menuleiste oben kann man\/frau in den Einstellungen mit einem Klick aktivieren. Viel h\u00c3\u00bcbscher &#8211; finde ich. *lol*<\/p>\n","protected":false},"excerpt":{"rendered":"<p>Ihr lieben Mac-Besitzer, kennt Ihr schon \u00e2\u20ac\u017eFantastical\u00e2\u20ac\u009d? Wenn nicht, dann empfehle ich Euch diese h\u00c3\u00bcbsche Kalender-App f\u00c3\u00bcr Mac ganz dringend, denn aktuell ist die App auch noch um 50% reduziert und f\u00c3\u00bcr kleine 7,99 Euronen zu haben. (Ich selber habe noch das doppelte bezahlt\u00e2\u20ac\u00a6 so ist das Leben&#8230;) Also, was kann Fantastical, was iCal nicht kann? Das m\u00c3\u00b6chte ich hier gerne erz\u00c3\u00a4hlen. Stellt Euch einfach mal vor, ihr m\u00c3\u00b6chtet am kommenden Donnerstag um 16:00 mit einer Freundin im Einkaufszentrum shoppen gehen. Die Vorgehensweise in iCal d\u00c3\u00bcrfte allen Mac-Usern bekannt sein. Wie toll ist es aber bitte, einfach in ein Fensterchen das folgende einzutippen: \u00e2\u20ac\u017eam Donnerstag 16 Uhr Kaffee mit Saskia im NWZ\u00e2\u20ac\u009d? So k\u00c3\u00b6nnte das dann in Fantastical (was sich wunderh\u00c3\u00bcbsch oben in der Leiste einnistet &#8211; auf Wunsch sogar in Farbe) aussehen: Gro\u00c3\u0178artig, oder? Mit ein paar wenigen Klicks sind auch noch ein paar weitere Infos erg\u00c3\u00a4nzt, wie z.B. in wessen Kalender dieser Termin erscheinen und ob eine Erinnerung erstellt werden soll. Eingetragene Termine k\u00c3\u00b6nnen dann so aussehen: Selbstverst\u00c3\u00a4ndlich werden alle eingegebenen Daten auch &hellip;<\/p>\n","protected":false},"author":1,"featured_media":0,"comment_status":"open","ping_status":"open","sticky":false,"template":"","format":"standard","meta":{"_jetpack_newsletter_access":"","_jetpack_dont_email_post_to_subs":false,"_jetpack_newsletter_tier_id":0,"_jetpack_memberships_contains_paywalled_content":false,"_jetpack_memberships_contains_paid_content":false,"footnotes":""},"categories":[70],"tags":[974,71,402],"class_list":["post-10108","post","type-post","status-publish","format-standard","hentry","category-rund_um_den_mac","tag-app","tag-apple","tag-rund-um-den-mac"],"jetpack_sharing_enabled":true,"jetpack_shortlink":"https:\/\/wp.me\/pq7aY-2D2","jetpack_likes_enabled":true,"jetpack-related-posts":[],"jetpack_featured_media_url":"","_links":{"self":[{"href":"https:\/\/terragina.de\/blog\/wp-json\/wp\/v2\/posts\/10108","targetHints":{"allow":["GET"]}}],"collection":[{"href":"https:\/\/terragina.de\/blog\/wp-json\/wp\/v2\/posts"}],"about":[{"href":"https:\/\/terragina.de\/blog\/wp-json\/wp\/v2\/types\/post"}],"author":[{"embeddable":true,"href":"https:\/\/terragina.de\/blog\/wp-json\/wp\/v2\/users\/1"}],"replies":[{"embeddable":true,"href":"https:\/\/terragina.de\/blog\/wp-json\/wp\/v2\/comments?post=10108"}],"version-history":[{"count":0,"href":"https:\/\/terragina.de\/blog\/wp-json\/wp\/v2\/posts\/10108\/revisions"}],"wp:attachment":[{"href":"https:\/\/terragina.de\/blog\/wp-json\/wp\/v2\/media?parent=10108"}],"wp:term":[{"taxonomy":"category","embeddable":true,"href":"https:\/\/terragina.de\/blog\/wp-json\/wp\/v2\/categories?post=10108"},{"taxonomy":"post_tag","embeddable":true,"href":"https:\/\/terragina.de\/blog\/wp-json\/wp\/v2\/tags?post=10108"}],"curies":[{"name":"wp","href":"https:\/\/api.w.org\/{rel}","templated":true}]}}