{"id":10119,"date":"2012-07-09T19:44:41","date_gmt":"2012-07-09T17:44:41","guid":{"rendered":"http:\/\/terragina.de\/blog\/?p=10119"},"modified":"2012-07-09T20:10:43","modified_gmt":"2012-07-09T18:10:43","slug":"montags-starter-69","status":"publish","type":"post","link":"https:\/\/terragina.de\/blog\/2012\/07\/09\/montags-starter-69\/","title":{"rendered":"Montags-Starter #69"},"content":{"rendered":"<p>Puh &#8211; heute ist`s ein wenig sp\u00c3\u00a4t bei mir geworden. Das liegt schlichtweg daran, dass der Teenager des Hauses morgen Geburtstag feiert und ich noch <s style=\"text-decoration: line-through\">einen Kuchen<\/s> eine Eisbombe kredenzen musste. Wie sch\u00c3\u00b6n, dass ich dabei von meiner Teenagerin so tatkr\u00c3\u00a4ftig unterst\u00c3\u00bctzt wurde.<\/p>\n<p>15 Jahre wird er schon alt, der junge Mann &#8211; und Mama fragt sich, wo nur die Zeit geblieben ist. Am Nachmittag kam dann noch lieber Freundinnen-Besuch. War das sch\u00c3\u00b6n. Drei Stunden haben wir auf der Terrasse gesessen und geschw\u00c3\u00a4tzt &#8211; wir hatten uns nun schon eine ganze Weile nicht mehr gesehen. Sch\u00c3\u00b6n war`s. Sehr sch\u00c3\u00b6n!<\/p>\n<p>Nun komme ich aber zum heutigen Montags-Starter &#8211; auch wenn sich dieser doch sehr wechselhafte Tag schon wieder dem Ende zu neigt, Wie immer an dieser Stelle ein herzliches Dankesch\u00c3\u00b6n an Martin, der uns die Denkanst\u00c3\u00b6sse immer zuverl\u00c3\u00a4ssig zur Verf\u00c3\u00bcgung stellt. Sch\u00c3\u00b6nen Urlaub &#8211; genie\u00c3\u0178e Deine Auszeit!<\/p>\n<p><\/p>\n<p>1. <strong><font color=\"#8C64B4\">N\u00c3\u00a4chste Woche habe ich &#8211; sofern alles gut geht &#8211; zwei Tage<\/font><\/strong> Urlaub.<\/p>\n<p>2. <strong><font color=\"#8C64B4\">Dieses unentschlossene Wolken-Regen-Gemisch<\/font><\/strong> kann jetzt wirklich mal aufh\u00c3\u00b6ren.<\/p>\n<p>3. Ich mag den Duft <strong><font color=\"#8C64B4\">meiner Schokoblumen im Garten<\/font><\/strong>.<\/p>\n<p>4. Die Umgestaltung von R\u00c3\u00a4umen <strong><font color=\"#8C64B4\">wird leichter geplant als in die Tat umgesetzt<\/font><\/strong>.<\/p>\n<p>5. Ein Notizbuch <strong><font color=\"#8C64B4\">brauche ich nicht &#8211; ich habe doch mein i*Phone<\/font><\/strong>.<\/p>\n<p>6. <strong><font color=\"#8C64B4\">Ab und zu sollte man<\/font><\/strong> mal was Neues ausprobieren.<\/p>\n<p>7. Geschenke <strong><font color=\"#8C64B4\">sind verpackt &#8211; der Geburtstag kann kommen.<\/font><\/strong> :)<\/p>\n<p>8. F\u00c3\u00bcr diese Woche habe ich mir <strong><font color=\"#8C64B4\">vor allem die Geburtstagsfeier im Familienkreis<\/font><\/strong> und <strong><font color=\"#8C64B4\">Liquid-Mischerei<\/font><\/strong> vorgenommen und m\u00c3\u00b6chte bei den sch\u00c3\u00b6nen Dingen des Lebens <strong><font color=\"#8C64B4\">meine komplette Familie und Freunde mit<\/font><\/strong> einbeziehen.<\/p>\n<p>Ihr wisst ja schon &#8211; kaum ein Beitrag in meinem Blog ohne Foto\u00e2\u20ac\u00a6 hier der Schlaf der Gerechten. :catlove:<\/p>\n<div style=\"text-align: center;\">\n  \n<\/div>\n<div style=\"text-align: center;\">\n  <br \/>\n  <a href=\"http:\/\/terragina.de\/blog\/wp-content\/uploads\/2012\/07\/nalamaus_09072012.jpg\" rel=\"lightbox[10119]\"><img loading=\"lazy\" decoding=\"async\" src=\"http:\/\/terragina.de\/blog\/wp-content\/uploads\/2012\/07\/nalamaus_09072012-tm.jpg\" width=\"420\" height=\"420\" alt=\"Der Schlaf der Gerechten\" \/><\/a>\n<\/div>\n","protected":false},"excerpt":{"rendered":"<p>Puh &#8211; heute ist`s ein wenig sp\u00c3\u00a4t bei mir geworden. Das liegt schlichtweg daran, dass der Teenager des Hauses morgen Geburtstag feiert und ich noch einen Kuchen eine Eisbombe kredenzen musste. Wie sch\u00c3\u00b6n, dass ich dabei von meiner Teenagerin so tatkr\u00c3\u00a4ftig unterst\u00c3\u00bctzt wurde. 15 Jahre wird er schon alt, der junge Mann &#8211; und Mama fragt sich, wo nur die Zeit geblieben ist. Am Nachmittag kam dann noch lieber Freundinnen-Besuch. War das sch\u00c3\u00b6n. Drei Stunden haben wir auf der Terrasse gesessen und geschw\u00c3\u00a4tzt &#8211; wir hatten uns nun schon eine ganze Weile nicht mehr gesehen. Sch\u00c3\u00b6n war`s. Sehr sch\u00c3\u00b6n! Nun komme ich aber zum heutigen Montags-Starter &#8211; auch wenn sich dieser doch sehr wechselhafte Tag schon wieder dem Ende zu neigt, Wie immer an dieser Stelle ein herzliches Dankesch\u00c3\u00b6n an Martin, der uns die Denkanst\u00c3\u00b6sse immer zuverl\u00c3\u00a4ssig zur Verf\u00c3\u00bcgung stellt. Sch\u00c3\u00b6nen Urlaub &#8211; genie\u00c3\u0178e Deine Auszeit! 1. N\u00c3\u00a4chste Woche habe ich &#8211; sofern alles gut geht &#8211; zwei Tage Urlaub. 2. Dieses unentschlossene Wolken-Regen-Gemisch kann jetzt wirklich mal aufh\u00c3\u00b6ren. 3. Ich mag den Duft meiner &hellip;<\/p>\n","protected":false},"author":1,"featured_media":0,"comment_status":"open","ping_status":"open","sticky":false,"template":"","format":"standard","meta":{"_jetpack_newsletter_access":"","_jetpack_dont_email_post_to_subs":false,"_jetpack_newsletter_tier_id":0,"_jetpack_memberships_contains_paywalled_content":false,"_jetpack_memberships_contains_paid_content":false,"footnotes":""},"categories":[114,94],"tags":[39,30,353,973,969],"class_list":["post-10119","post","type-post","status-publish","format-standard","hentry","category-plauderecke","category-stoeckchen","tag-katzen","tag-maine-coon","tag-nala","tag-plauderecke","tag-stoeckchen"],"jetpack_sharing_enabled":true,"jetpack_shortlink":"https:\/\/wp.me\/pq7aY-2Dd","jetpack_likes_enabled":true,"jetpack-related-posts":[],"jetpack_featured_media_url":"","_links":{"self":[{"href":"https:\/\/terragina.de\/blog\/wp-json\/wp\/v2\/posts\/10119","targetHints":{"allow":["GET"]}}],"collection":[{"href":"https:\/\/terragina.de\/blog\/wp-json\/wp\/v2\/posts"}],"about":[{"href":"https:\/\/terragina.de\/blog\/wp-json\/wp\/v2\/types\/post"}],"author":[{"embeddable":true,"href":"https:\/\/terragina.de\/blog\/wp-json\/wp\/v2\/users\/1"}],"replies":[{"embeddable":true,"href":"https:\/\/terragina.de\/blog\/wp-json\/wp\/v2\/comments?post=10119"}],"version-history":[{"count":0,"href":"https:\/\/terragina.de\/blog\/wp-json\/wp\/v2\/posts\/10119\/revisions"}],"wp:attachment":[{"href":"https:\/\/terragina.de\/blog\/wp-json\/wp\/v2\/media?parent=10119"}],"wp:term":[{"taxonomy":"category","embeddable":true,"href":"https:\/\/terragina.de\/blog\/wp-json\/wp\/v2\/categories?post=10119"},{"taxonomy":"post_tag","embeddable":true,"href":"https:\/\/terragina.de\/blog\/wp-json\/wp\/v2\/tags?post=10119"}],"curies":[{"name":"wp","href":"https:\/\/api.w.org\/{rel}","templated":true}]}}