{"id":10131,"date":"2012-07-14T09:35:28","date_gmt":"2012-07-14T07:35:28","guid":{"rendered":"http:\/\/terragina.de\/blog\/?p=10131"},"modified":"2012-07-14T09:39:32","modified_gmt":"2012-07-14T07:39:32","slug":"wie-gehts-eigentlich","status":"publish","type":"post","link":"https:\/\/terragina.de\/blog\/2012\/07\/14\/wie-gehts-eigentlich\/","title":{"rendered":"Wie geht`s eigentlich&#8230;"},"content":{"rendered":"<p>dem Buchsbaum? Aufmerksame Leser m\u00c3\u00b6gen sich vielleicht noch erinnern, dass wir Ende Mai sehr mutig unseren guten, alten Bux zur\u00c3\u00bcck geschnitten haben. Wer sich nicht erinnern kann.. guckst Du <a href=\"http:\/\/terragina.de\/blog\/2012\/05\/27\/schone-pfingsten-my-weekly-pics-212012\/\" title=\"Schneiden des Buchsbaums\">hier<\/a>. Genau 7 Wochen ist das nun her.<\/p>\n<p>Und schaut mal, wie sch\u00c3\u00b6n er nun schon wieder ist:<\/p>\n<div style=\"text-align: center;\">\n  <img loading=\"lazy\" decoding=\"async\" src=\"http:\/\/terragina.de\/blog\/wp-content\/uploads\/2012\/07\/buchsbaum_01.jpg\" width=\"580\" height=\"435\" alt=\"buchsbaum_01.jpg\" \/>\n<\/div>\n<div style=\"text-align: center;\">\n  \n<\/div>\n<div style=\"text-align: center;\">\n  <img loading=\"lazy\" decoding=\"async\" src=\"http:\/\/terragina.de\/blog\/wp-content\/uploads\/2012\/07\/buchsbaum_02.jpg\" width=\"580\" height=\"435\" alt=\"buchsbaum_02.jpg\" \/>\n<\/div>\n<p>Gut &#8211; ein paar L\u00c3\u00b6cher hat er noch. Und auch im unteren Bereich der Riesen-Kugel fehlen noch die Bl\u00c3\u00a4ttchen. Aber wir sind sehr zuversichtlich, dass im Laufe der Zeit auch dort noch die h\u00c3\u00bcbschen hellgr\u00c3\u00bcnen Bl\u00c3\u00a4ttchen sprie\u00c3\u0178en werden. :) Doch, ich denke ich kann sagen &#8211; er hat das einfach gebraucht, einmal radikal zur\u00c3\u00bcck geschnitten zu werden. ;)<\/p>\n<p>Und w\u00c3\u00a4hrend andere Pfl\u00c3\u00a4nzchen in unserem Garten (ich spreche hier von einer meiner Schokoblumen und einer Endless Summer) doch ziemlich unter dem dauernden Regen leiden, scheint selbiger dem Bux richtig gut zu tun. :dance: Die Bl\u00c3\u00bcmchen werden sich hoffentlich auch wieder erholen&#8230;<\/p>\n<p style=\"text-align: center;\"><em>Euch allen w\u00c3\u00bcnsche ich ein sch\u00c3\u00b6nes Wochenende!<\/em><\/p>\n","protected":false},"excerpt":{"rendered":"<p>dem Buchsbaum? Aufmerksame Leser m\u00c3\u00b6gen sich vielleicht noch erinnern, dass wir Ende Mai sehr mutig unseren guten, alten Bux zur\u00c3\u00bcck geschnitten haben. Wer sich nicht erinnern kann.. guckst Du hier. Genau 7 Wochen ist das nun her. Und schaut mal, wie sch\u00c3\u00b6n er nun schon wieder ist: Gut &#8211; ein paar L\u00c3\u00b6cher hat er noch. Und auch im unteren Bereich der Riesen-Kugel fehlen noch die Bl\u00c3\u00a4ttchen. Aber wir sind sehr zuversichtlich, dass im Laufe der Zeit auch dort noch die h\u00c3\u00bcbschen hellgr\u00c3\u00bcnen Bl\u00c3\u00a4ttchen sprie\u00c3\u0178en werden. :) Doch, ich denke ich kann sagen &#8211; er hat das einfach gebraucht, einmal radikal zur\u00c3\u00bcck geschnitten zu werden. ;) Und w\u00c3\u00a4hrend andere Pfl\u00c3\u00a4nzchen in unserem Garten (ich spreche hier von einer meiner Schokoblumen und einer Endless Summer) doch ziemlich unter dem dauernden Regen leiden, scheint selbiger dem Bux richtig gut zu tun. :dance: Die Bl\u00c3\u00bcmchen werden sich hoffentlich auch wieder erholen&#8230; Euch allen w\u00c3\u00bcnsche ich ein sch\u00c3\u00b6nes Wochenende!<\/p>\n","protected":false},"author":1,"featured_media":0,"comment_status":"open","ping_status":"open","sticky":false,"template":"","format":"standard","meta":{"_jetpack_newsletter_access":"","_jetpack_dont_email_post_to_subs":false,"_jetpack_newsletter_tier_id":0,"_jetpack_memberships_contains_paywalled_content":false,"_jetpack_memberships_contains_paid_content":false,"footnotes":""},"categories":[2,114],"tags":[957,973],"class_list":["post-10131","post","type-post","status-publish","format-standard","hentry","category-foto","category-plauderecke","tag-foto","tag-plauderecke"],"jetpack_sharing_enabled":true,"jetpack_shortlink":"https:\/\/wp.me\/pq7aY-2Dp","jetpack_likes_enabled":true,"jetpack-related-posts":[],"jetpack_featured_media_url":"","_links":{"self":[{"href":"https:\/\/terragina.de\/blog\/wp-json\/wp\/v2\/posts\/10131","targetHints":{"allow":["GET"]}}],"collection":[{"href":"https:\/\/terragina.de\/blog\/wp-json\/wp\/v2\/posts"}],"about":[{"href":"https:\/\/terragina.de\/blog\/wp-json\/wp\/v2\/types\/post"}],"author":[{"embeddable":true,"href":"https:\/\/terragina.de\/blog\/wp-json\/wp\/v2\/users\/1"}],"replies":[{"embeddable":true,"href":"https:\/\/terragina.de\/blog\/wp-json\/wp\/v2\/comments?post=10131"}],"version-history":[{"count":0,"href":"https:\/\/terragina.de\/blog\/wp-json\/wp\/v2\/posts\/10131\/revisions"}],"wp:attachment":[{"href":"https:\/\/terragina.de\/blog\/wp-json\/wp\/v2\/media?parent=10131"}],"wp:term":[{"taxonomy":"category","embeddable":true,"href":"https:\/\/terragina.de\/blog\/wp-json\/wp\/v2\/categories?post=10131"},{"taxonomy":"post_tag","embeddable":true,"href":"https:\/\/terragina.de\/blog\/wp-json\/wp\/v2\/tags?post=10131"}],"curies":[{"name":"wp","href":"https:\/\/api.w.org\/{rel}","templated":true}]}}