{"id":10158,"date":"2012-07-23T17:12:26","date_gmt":"2012-07-23T15:12:26","guid":{"rendered":"http:\/\/terragina.de\/blog\/?p=10158"},"modified":"2012-07-23T17:12:27","modified_gmt":"2012-07-23T15:12:27","slug":"montags-starter-71","status":"publish","type":"post","link":"https:\/\/terragina.de\/blog\/2012\/07\/23\/montags-starter-71\/","title":{"rendered":"Montags-Starter #71"},"content":{"rendered":"<p>Tja &#8211; man mu\u00c3\u0178 die Dinge nehmen, wie sie kommen und wer wei\u00c3\u0178, f\u00c3\u00bcr was es gut ist. Die Nachricht des Tages ist f\u00c3\u00bcr mich anders ausgefallen als erwartet und somit hat sich das Thema &#8211; auch f\u00c3\u00bcr meinen Blog &#8211; erledigt. ;)<\/p>\n<p style=\"text-align: center;\">**** Themawechsel ****<\/p>\n<p>Heute ist Montag und nachdem ich die letzte Woche \u00e2\u20ac\u017egeschw\u00c3\u00a4nzt\u00e2\u20ac\u009d habe, bin ich in dieser Woche wieder sehr gerne dabei, bei Martins <a href=\"http:\/\/www.dieblogbar.de\/?p=4821\" title=\"Martins Montags-Starter am 23. Juli 2012\">Montags-Starter<\/a>.<\/p>\n<p>1. <strong><font color=\"#8C64B4\">Jetzt doch noch zu hoffen, dass der gew\u00c3\u00bcnschte Anruf kommt &#8211;<\/font><\/strong> ob das noch Sinn macht? <em>Ich glaube kaum, und deswegen finde ich mich mit der Situation nun auch einfach ab.<\/em><\/p>\n<p>2. <strong><font color=\"#8C64B4\">Das derzeitige Kaiserwetter<\/font><\/strong> w\u00c3\u00a4re ein guter Zeitpunkt <strong><font color=\"#8C64B4\">f\u00c3\u00bcr Ausfl\u00c3\u00bcge und sommerliche Rezepte ausprobieren &#8211; leider mu\u00c3\u0178 ich arbeiten<\/font><\/strong>.<\/p>\n<p>3. Die Neckermann-Insolvenz <strong><font color=\"#8C64B4\">ist schlimm, aber auch vielen anderen Angestellten (siehe Schleck*er) bzw. ehemaligen Angestellten wurde der Boden unter den F\u00c3\u00bcssen weg gezogen.<\/font><\/strong><\/p>\n<p>4. <strong><font color=\"#8C64B4\">Warum ist die Welt oft so ungerecht<\/font><\/strong> habe ich mich schon oft gefragt. <em>Und meine Mama w\u00c3\u00bcrde jetzt wahrscheinlich sagen: Weil wir nicht im Paradies leben&#8230;<\/em><\/p>\n<p>5. Muss ich <strong><font color=\"#8C64B4\">morgen wirklich wieder so fr\u00c3\u00bch aufstehen? Ich mag nicht&#8230;<\/font><\/strong><\/p>\n<p>6. <strong><font color=\"#8C64B4\">Bloggen und andere Blogs lesen<\/font><\/strong> ist schon fast wie eine Sucht bei mir.<\/p>\n<p>7. <strong><font color=\"#8C64B4\">Endlich ein paar Sommertage geniessen &#8211; da<\/font><\/strong> freue ich mich drauf.<\/p>\n<p>8. F\u00c3\u00bcr diese Woche habe ich mir vor allem <strong><font color=\"#8C64B4\">fleissig arbeiten<\/font><\/strong> vorgenommen und m\u00c3\u00b6chte au\u00c3\u0178erdem <strong><font color=\"#8C64B4\">bei hochsommerlichen Temperaturen den ein oder anderen Salat zubereiten<\/font><\/strong>.<\/p>\n<p>Das Bild des Tages ist bereits von Samstag &#8211; geknipst von meinem Tochterkind. Es zeigt das Einkaufszentrum Anger in Erfurt. Sch\u00c3\u00b6n, nicht? Da w\u00c3\u00bcrde ich jetzt auch gerne mal bummeln gehen\u00e2\u20ac\u00a6.<\/p>\n<p><\/p>\n<div style=\"text-align: center;\">\n  <img loading=\"lazy\" decoding=\"async\" src=\"http:\/\/terragina.de\/blog\/wp-content\/uploads\/2012\/07\/einkaufszentrum_erfurt.jpg\" width=\"580\" height=\"455\" alt=\"einkaufszentrum_erfurt.jpg\" \/>\n<\/div>\n<div style=\"text-align: center;\">\n  \n<\/div>\n","protected":false},"excerpt":{"rendered":"<p>Tja &#8211; man mu\u00c3\u0178 die Dinge nehmen, wie sie kommen und wer wei\u00c3\u0178, f\u00c3\u00bcr was es gut ist. Die Nachricht des Tages ist f\u00c3\u00bcr mich anders ausgefallen als erwartet und somit hat sich das Thema &#8211; auch f\u00c3\u00bcr meinen Blog &#8211; erledigt. ;) **** Themawechsel **** Heute ist Montag und nachdem ich die letzte Woche \u00e2\u20ac\u017egeschw\u00c3\u00a4nzt\u00e2\u20ac\u009d habe, bin ich in dieser Woche wieder sehr gerne dabei, bei Martins Montags-Starter. 1. Jetzt doch noch zu hoffen, dass der gew\u00c3\u00bcnschte Anruf kommt &#8211; ob das noch Sinn macht? Ich glaube kaum, und deswegen finde ich mich mit der Situation nun auch einfach ab. 2. Das derzeitige Kaiserwetter w\u00c3\u00a4re ein guter Zeitpunkt f\u00c3\u00bcr Ausfl\u00c3\u00bcge und sommerliche Rezepte ausprobieren &#8211; leider mu\u00c3\u0178 ich arbeiten. 3. Die Neckermann-Insolvenz ist schlimm, aber auch vielen anderen Angestellten (siehe Schleck*er) bzw. ehemaligen Angestellten wurde der Boden unter den F\u00c3\u00bcssen weg gezogen. 4. Warum ist die Welt oft so ungerecht habe ich mich schon oft gefragt. Und meine Mama w\u00c3\u00bcrde jetzt wahrscheinlich sagen: Weil wir nicht im Paradies leben&#8230; 5. Muss ich morgen wirklich &hellip;<\/p>\n","protected":false},"author":1,"featured_media":0,"comment_status":"open","ping_status":"open","sticky":false,"template":"","format":"standard","meta":{"_jetpack_newsletter_access":"","_jetpack_dont_email_post_to_subs":false,"_jetpack_newsletter_tier_id":0,"_jetpack_memberships_contains_paywalled_content":false,"_jetpack_memberships_contains_paid_content":false,"footnotes":""},"categories":[114,94],"tags":[973,969],"class_list":["post-10158","post","type-post","status-publish","format-standard","hentry","category-plauderecke","category-stoeckchen","tag-plauderecke","tag-stoeckchen"],"jetpack_sharing_enabled":true,"jetpack_shortlink":"https:\/\/wp.me\/pq7aY-2DQ","jetpack_likes_enabled":true,"jetpack-related-posts":[],"jetpack_featured_media_url":"","_links":{"self":[{"href":"https:\/\/terragina.de\/blog\/wp-json\/wp\/v2\/posts\/10158","targetHints":{"allow":["GET"]}}],"collection":[{"href":"https:\/\/terragina.de\/blog\/wp-json\/wp\/v2\/posts"}],"about":[{"href":"https:\/\/terragina.de\/blog\/wp-json\/wp\/v2\/types\/post"}],"author":[{"embeddable":true,"href":"https:\/\/terragina.de\/blog\/wp-json\/wp\/v2\/users\/1"}],"replies":[{"embeddable":true,"href":"https:\/\/terragina.de\/blog\/wp-json\/wp\/v2\/comments?post=10158"}],"version-history":[{"count":0,"href":"https:\/\/terragina.de\/blog\/wp-json\/wp\/v2\/posts\/10158\/revisions"}],"wp:attachment":[{"href":"https:\/\/terragina.de\/blog\/wp-json\/wp\/v2\/media?parent=10158"}],"wp:term":[{"taxonomy":"category","embeddable":true,"href":"https:\/\/terragina.de\/blog\/wp-json\/wp\/v2\/categories?post=10158"},{"taxonomy":"post_tag","embeddable":true,"href":"https:\/\/terragina.de\/blog\/wp-json\/wp\/v2\/tags?post=10158"}],"curies":[{"name":"wp","href":"https:\/\/api.w.org\/{rel}","templated":true}]}}