{"id":10184,"date":"2012-07-29T11:57:57","date_gmt":"2012-07-29T09:57:57","guid":{"rendered":"http:\/\/terragina.de\/blog\/?p=10184"},"modified":"2012-07-29T11:57:57","modified_gmt":"2012-07-29T09:57:57","slug":"my-weekly-pics-302012","status":"publish","type":"post","link":"https:\/\/terragina.de\/blog\/2012\/07\/29\/my-weekly-pics-302012\/","title":{"rendered":"My Weekly Pics 30\/2012"},"content":{"rendered":"<p style=\"text-align: center;\"><a href=\"http:\/\/terragina.de\/blog\/wp-content\/uploads\/2012\/07\/my_weekly_pics_302012.jpg\" rel=\"lightbox[10184]\"><img loading=\"lazy\" decoding=\"async\" src=\"http:\/\/terragina.de\/blog\/wp-content\/uploads\/2012\/07\/my_weekly_pics_302012-tm.jpg\" width=\"460\" height=\"460\" alt=\"My Weekly Pics 30\/2012\" \/><\/a><\/p>\n<p><\/p>\n<p>Eine hochsommerliche Woche liegt hinter uns und ja, ich gebe zu: F\u00c3\u00bcr mich war`s eindeutig zu heiss. Einige werden jetzt sagen: \u00e2\u20ac\u017eJetzt ist der Sommer endlich da und jetzt wird wieder gejammert\u00e2\u20ac\u00a6\u00e2\u20ac\u009d &#8211; sorry. F\u00c3\u00bcr mich w\u00c3\u00a4ren einfach 25\u00c2\u00b0C vollkommen ausreichend, da w\u00c3\u00a4re ich rundum gl\u00c3\u00bccklich. Aber nein &#8211; es mu\u00c3\u0178 gleich wieder ins n\u00c3\u00a4chste Extrem gehen. Ja ja, wenn ich Wetter machen k\u00c3\u00b6nnte\u00e2\u20ac\u00a6 *soifz*<\/p>\n<p>Abends habe aber auch ich draussen auf der Terrasse gesessen, wie auf der Collage unschwer zu erkennen ist. Mein Hobbykoch hat mich mit einem &#8211; gekauften &#8211; Zitronenmuffin verw\u00c3\u00b6hnt und ich habe mir neue Flipflops geleistet. Ansonsten hat die vergangene Woche nicht viel zu bieten gehabt au\u00c3\u0178er arbeiten und \u00e2\u20ac\u017ebloss-nicht-zu-viel-bewegen\u00e2\u20ac\u009d. Aber beim Sport war ich &#8211; am Montag und am Mittwoch. War ja egal, was einen zum Schwitzen bringt. ;)<\/p>\n<p><em>Und jetzt w\u00c3\u00bcnsche ich Euch allen noch einen sch\u00c3\u00b6nen Sonntag mit m\u00c3\u00b6glichst viel Sonnenschein! Ich geh` ein bissel Olympia gucken\u00e2\u20ac\u00a6.<\/em><\/p>\n","protected":false},"excerpt":{"rendered":"<p>Eine hochsommerliche Woche liegt hinter uns und ja, ich gebe zu: F\u00c3\u00bcr mich war`s eindeutig zu heiss. Einige werden jetzt sagen: \u00e2\u20ac\u017eJetzt ist der Sommer endlich da und jetzt wird wieder gejammert\u00e2\u20ac\u00a6\u00e2\u20ac\u009d &#8211; sorry. F\u00c3\u00bcr mich w\u00c3\u00a4ren einfach 25\u00c2\u00b0C vollkommen ausreichend, da w\u00c3\u00a4re ich rundum gl\u00c3\u00bccklich. Aber nein &#8211; es mu\u00c3\u0178 gleich wieder ins n\u00c3\u00a4chste Extrem gehen. Ja ja, wenn ich Wetter machen k\u00c3\u00b6nnte\u00e2\u20ac\u00a6 *soifz* Abends habe aber auch ich draussen auf der Terrasse gesessen, wie auf der Collage unschwer zu erkennen ist. Mein Hobbykoch hat mich mit einem &#8211; gekauften &#8211; Zitronenmuffin verw\u00c3\u00b6hnt und ich habe mir neue Flipflops geleistet. Ansonsten hat die vergangene Woche nicht viel zu bieten gehabt au\u00c3\u0178er arbeiten und \u00e2\u20ac\u017ebloss-nicht-zu-viel-bewegen\u00e2\u20ac\u009d. Aber beim Sport war ich &#8211; am Montag und am Mittwoch. War ja egal, was einen zum Schwitzen bringt. ;) Und jetzt w\u00c3\u00bcnsche ich Euch allen noch einen sch\u00c3\u00b6nen Sonntag mit m\u00c3\u00b6glichst viel Sonnenschein! Ich geh` ein bissel Olympia gucken\u00e2\u20ac\u00a6.<\/p>\n","protected":false},"author":1,"featured_media":0,"comment_status":"open","ping_status":"open","sticky":false,"template":"","format":"standard","meta":{"_jetpack_newsletter_access":"","_jetpack_dont_email_post_to_subs":false,"_jetpack_newsletter_tier_id":0,"_jetpack_memberships_contains_paywalled_content":false,"_jetpack_memberships_contains_paid_content":false,"footnotes":""},"categories":[2],"tags":[421,957,422,981],"class_list":["post-10184","post","type-post","status-publish","format-standard","hentry","category-foto","tag-fotoalbum","tag-foto","tag-fotos","tag-my-weekly-pics"],"jetpack_sharing_enabled":true,"jetpack_shortlink":"https:\/\/wp.me\/pq7aY-2Eg","jetpack_likes_enabled":true,"jetpack-related-posts":[],"jetpack_featured_media_url":"","_links":{"self":[{"href":"https:\/\/terragina.de\/blog\/wp-json\/wp\/v2\/posts\/10184","targetHints":{"allow":["GET"]}}],"collection":[{"href":"https:\/\/terragina.de\/blog\/wp-json\/wp\/v2\/posts"}],"about":[{"href":"https:\/\/terragina.de\/blog\/wp-json\/wp\/v2\/types\/post"}],"author":[{"embeddable":true,"href":"https:\/\/terragina.de\/blog\/wp-json\/wp\/v2\/users\/1"}],"replies":[{"embeddable":true,"href":"https:\/\/terragina.de\/blog\/wp-json\/wp\/v2\/comments?post=10184"}],"version-history":[{"count":0,"href":"https:\/\/terragina.de\/blog\/wp-json\/wp\/v2\/posts\/10184\/revisions"}],"wp:attachment":[{"href":"https:\/\/terragina.de\/blog\/wp-json\/wp\/v2\/media?parent=10184"}],"wp:term":[{"taxonomy":"category","embeddable":true,"href":"https:\/\/terragina.de\/blog\/wp-json\/wp\/v2\/categories?post=10184"},{"taxonomy":"post_tag","embeddable":true,"href":"https:\/\/terragina.de\/blog\/wp-json\/wp\/v2\/tags?post=10184"}],"curies":[{"name":"wp","href":"https:\/\/api.w.org\/{rel}","templated":true}]}}