{"id":10279,"date":"2012-08-22T12:30:53","date_gmt":"2012-08-22T10:30:53","guid":{"rendered":"http:\/\/terragina.de\/blog\/?p=10279"},"modified":"2012-08-22T12:30:56","modified_gmt":"2012-08-22T10:30:56","slug":"zeit-fur-cat-content","status":"publish","type":"post","link":"https:\/\/terragina.de\/blog\/2012\/08\/22\/zeit-fur-cat-content\/","title":{"rendered":"Zeit f\u00c3\u00bcr Cat-Content"},"content":{"rendered":"<p>Aus der K\u00c3\u00bcche gibt`s derzeit nicht viel zu berichten. In den letzten Tagen hatte hier keiner das Bed\u00c3\u00bcrfnis, gro\u00c3\u0178artige Men\u00c3\u00bcs zu sich zu nehmen. Da gab es gestern z.B. Tacos mit Hackfleisch, Salsa, Schmand und K\u00c3\u00a4se aus dem Ofen. Habt Ihr Lust, bei solchem Wetter zu kochen?<\/p>\n<p>Aber zum Thema, denn es wird wieder einmal h\u00c3\u00b6chste Zeit f\u00c3\u00bcr ein wenig Cat-Content. Die \u00c3\u201ermsten mit ihrem Fell leiden bei dem sommerlichen Wetter doch noch deutlich mehr als wir. Da ist nicht viel mit Spielen und\/oder Rumtoben.<\/p>\n<p>Dieser Artikel f\u00c3\u00a4llt dann wieder einmal unter die Rubrik \u00e2\u20ac\u017eLasst Bilder sprechen\u00e2\u20ac\u009d. :good:<\/p>\n<div style=\"text-align: center;\">\n  <img loading=\"lazy\" decoding=\"async\" src=\"http:\/\/terragina.de\/blog\/wp-content\/uploads\/2012\/08\/beverly_22082012.jpg\" width=\"580\" height=\"435\" alt=\"beverly_22082012.jpg\" \/>\n<\/div>\n<p><\/p>\n<p>Beverly hatte es sich f\u00c3\u00bcr eine ganze Weile mitten auf dem Esstisch gem\u00c3\u00bctlich gemacht. Sie sah richtig erschossen aus und ich vergewisserte mich erstmal, ob alles mit ihr in Ordnung ist.<\/p>\n<div style=\"text-align: center;\">\n  <img loading=\"lazy\" decoding=\"async\" src=\"http:\/\/terragina.de\/blog\/wp-content\/uploads\/2012\/08\/padano_22082012.jpg\" width=\"580\" height=\"435\" alt=\"padano_22082012.jpg\" \/>\n<\/div>\n<p><\/p>\n<p>Unser K\u00c3\u00a4sew\u00c3\u00bcrfelchen hat noch am meisten Energie. Er hat es sich in der Spielzeug-Wanne mehr oder weniger gem\u00c3\u00bctlich gemacht.<\/p>\n<div style=\"text-align: center;\">\n  <img loading=\"lazy\" decoding=\"async\" src=\"http:\/\/terragina.de\/blog\/wp-content\/uploads\/2012\/08\/nala_22082012.jpg\" width=\"580\" height=\"435\" alt=\"nala_22082012.jpg\" \/>\n<\/div>\n<p><\/p>\n<p>Und die kleine Nala-Maus hat die Casa Pueblo in Beschlag genommen. Frei nach dem Motto: \u00e2\u20ac\u017eDiese Hitze kotzt mich nur noch an &#8211; lasst mich doch alle in Ruhe\u00e2\u20ac\u009d. :catlove:<\/p>\n<div style=\"text-align: center;\">\n  <img loading=\"lazy\" decoding=\"async\" src=\"http:\/\/terragina.de\/blog\/wp-content\/uploads\/2012\/08\/nala_padano_22082012.jpg\" width=\"580\" height=\"435\" alt=\"nala_padano_22082012.jpg\" \/>\n<\/div>\n<p><\/p>\n<p>Dann hatte sie sich aber doch \u00c3\u00bcberlegt mal zu schauen, was Padano so treibt &#8211; und wurde erstmal abgeschlabbert. Vom anschliessenden kleinen Rumgezanke habe ich leider kein gescheites Foto zustande gebracht.<\/p>\n<p><em>Wenn die Miezen also das sch\u00c3\u00b6ne Wetter nicht geniessen k\u00c3\u00b6nnen, tut Ihr es wenigstens. Sch\u00c3\u00b6nen Tag Euch!<\/em><\/p>\n<p><em><br \/><\/em><\/p>\n","protected":false},"excerpt":{"rendered":"<p>Aus der K\u00c3\u00bcche gibt`s derzeit nicht viel zu berichten. In den letzten Tagen hatte hier keiner das Bed\u00c3\u00bcrfnis, gro\u00c3\u0178artige Men\u00c3\u00bcs zu sich zu nehmen. Da gab es gestern z.B. Tacos mit Hackfleisch, Salsa, Schmand und K\u00c3\u00a4se aus dem Ofen. Habt Ihr Lust, bei solchem Wetter zu kochen? Aber zum Thema, denn es wird wieder einmal h\u00c3\u00b6chste Zeit f\u00c3\u00bcr ein wenig Cat-Content. Die \u00c3\u201ermsten mit ihrem Fell leiden bei dem sommerlichen Wetter doch noch deutlich mehr als wir. Da ist nicht viel mit Spielen und\/oder Rumtoben. Dieser Artikel f\u00c3\u00a4llt dann wieder einmal unter die Rubrik \u00e2\u20ac\u017eLasst Bilder sprechen\u00e2\u20ac\u009d. :good: Beverly hatte es sich f\u00c3\u00bcr eine ganze Weile mitten auf dem Esstisch gem\u00c3\u00bctlich gemacht. Sie sah richtig erschossen aus und ich vergewisserte mich erstmal, ob alles mit ihr in Ordnung ist. Unser K\u00c3\u00a4sew\u00c3\u00bcrfelchen hat noch am meisten Energie. Er hat es sich in der Spielzeug-Wanne mehr oder weniger gem\u00c3\u00bctlich gemacht. Und die kleine Nala-Maus hat die Casa Pueblo in Beschlag genommen. Frei nach dem Motto: \u00e2\u20ac\u017eDiese Hitze kotzt mich nur noch an &#8211; lasst mich doch alle &hellip;<\/p>\n","protected":false},"author":1,"featured_media":0,"comment_status":"open","ping_status":"open","sticky":false,"template":"","format":"standard","meta":{"_jetpack_newsletter_access":"","_jetpack_dont_email_post_to_subs":false,"_jetpack_newsletter_tier_id":0,"_jetpack_memberships_contains_paywalled_content":false,"_jetpack_memberships_contains_paid_content":false,"footnotes":""},"categories":[],"tags":[965,25,30,353,418],"class_list":["post-10279","post","type-post","status-publish","format-standard","hentry","tag-beverly","tag-cats","tag-maine-coon","tag-nala","tag-padano"],"jetpack_sharing_enabled":true,"jetpack_shortlink":"https:\/\/wp.me\/pq7aY-2FN","jetpack_likes_enabled":true,"jetpack-related-posts":[],"jetpack_featured_media_url":"","_links":{"self":[{"href":"https:\/\/terragina.de\/blog\/wp-json\/wp\/v2\/posts\/10279","targetHints":{"allow":["GET"]}}],"collection":[{"href":"https:\/\/terragina.de\/blog\/wp-json\/wp\/v2\/posts"}],"about":[{"href":"https:\/\/terragina.de\/blog\/wp-json\/wp\/v2\/types\/post"}],"author":[{"embeddable":true,"href":"https:\/\/terragina.de\/blog\/wp-json\/wp\/v2\/users\/1"}],"replies":[{"embeddable":true,"href":"https:\/\/terragina.de\/blog\/wp-json\/wp\/v2\/comments?post=10279"}],"version-history":[{"count":0,"href":"https:\/\/terragina.de\/blog\/wp-json\/wp\/v2\/posts\/10279\/revisions"}],"wp:attachment":[{"href":"https:\/\/terragina.de\/blog\/wp-json\/wp\/v2\/media?parent=10279"}],"wp:term":[{"taxonomy":"category","embeddable":true,"href":"https:\/\/terragina.de\/blog\/wp-json\/wp\/v2\/categories?post=10279"},{"taxonomy":"post_tag","embeddable":true,"href":"https:\/\/terragina.de\/blog\/wp-json\/wp\/v2\/tags?post=10279"}],"curies":[{"name":"wp","href":"https:\/\/api.w.org\/{rel}","templated":true}]}}