{"id":10407,"date":"2012-09-26T17:48:55","date_gmt":"2012-09-26T15:48:55","guid":{"rendered":"http:\/\/terragina.de\/blog\/?p=10407"},"modified":"2012-10-19T17:06:30","modified_gmt":"2012-10-19T15:06:30","slug":"ganz-schon-finster","status":"publish","type":"post","link":"https:\/\/terragina.de\/blog\/2012\/09\/26\/ganz-schon-finster\/","title":{"rendered":"Ganz sch\u00c3\u00b6n finster"},"content":{"rendered":"<p>Eigentlich war es ja schon hell\u00e2\u20ac\u00a6 heute morgen im 7.51 Uhr. Schon fleissig am Arbeiten war ich, als ich mal einen Blick aus dem Fenster warf\u00e2\u20ac\u00a6 meine G\u00c3\u00bcte, war das finster da drau\u00c3\u0178en\u00e2\u20ac\u00a6 *grusel* Und sofort fiel mir das sch\u00c3\u00b6ne Foto-Projekt von Martin ein und dass es da auch ein Thema \u00e2\u20ac\u017eMein Blick aus dem Fenster\u00e2\u20ac\u009d gibt. Das bot sich doch an, oder nicht?<\/p>\n<div style=\"text-align: left;\">\n  <a title=\"Martins Fotoprojekt 52 Pics Of A Year\" href=\"http:\/\/terragina.de\/blog\/52-pics-of-a-year\/\" target=\"blank\"><img loading=\"lazy\" decoding=\"async\" src=\"http:\/\/terragina.de\/blog\/wp-content\/uploads\/2012\/09\/52_pics_of_a_year1.jpg\" width=\"100\" height=\"100\" alt=\"Mein Blick aus dem Fenster\" style=\"float:left; margin-right:10px; margin-bottom:10px;\" \/><\/a>Schnell bin ich also an meinen Schreibtisch geflitzt und fuddelte das iPhone aus der Seitentasche. Schwupp-di-wupp, waren zwei Bilder im Kasten. Zwei Bilder Weltuntergangsstimmung &#8211; sehr unheimlich, aber auch sehr sch\u00c3\u00b6n und faszinierend. Das Bessere von den beiden, das zeige ich nun hier. :yes:\n<\/div>\n<div style=\"text-align: left;\">\n  Das Thema meiner Woche ist also Thema Nr. 1 &#8211; MEIN BLICK AUS DEM FENSTER.\n<\/div>\n<div style=\"text-align: left;\">\n  Ist halt mein B\u00c3\u00bcro- bzw. Laborfenster, aber ich gehe mal davon aus, das geht in Ordnung?! ;)\n<\/div>\n<p><\/p>\n<div style=\"text-align: center;\">\n    <a href=\"http:\/\/terragina.de\/blog\/wp-content\/uploads\/2012\/09\/01_mein_blick_aus_dem_fenster.jpg\" rel=\"lightbox[10407]\"><img loading=\"lazy\" decoding=\"async\" src=\"http:\/\/terragina.de\/blog\/wp-content\/uploads\/2012\/09\/01_mein_blick_aus_dem_fenster-tm.jpg\" width=\"350\" height=\"262\" alt=\"Mein Blick aus dem Fenster\" \/><\/a>\n  <\/div>\n<p><\/p>\n<div style=\"text-align: left;\">\n    <em>\u00c3\u0153brigens\u00e2\u20ac\u00a6 der Feedburner-Counter funktioniert wieder\u00e2\u20ac\u00a6 freu &#8211; wie von Geisterhand. Genau, wie ich es mir gedacht hatte\u00e2\u20ac\u00a6.<\/em>\n  <\/div>\n<p><\/p>\n","protected":false},"excerpt":{"rendered":"<p>Eigentlich war es ja schon hell\u00e2\u20ac\u00a6 heute morgen im 7.51 Uhr. Schon fleissig am Arbeiten war ich, als ich mal einen Blick aus dem Fenster warf\u00e2\u20ac\u00a6 meine G\u00c3\u00bcte, war das finster da drau\u00c3\u0178en\u00e2\u20ac\u00a6 *grusel* Und sofort fiel mir das sch\u00c3\u00b6ne Foto-Projekt von Martin ein und dass es da auch ein Thema \u00e2\u20ac\u017eMein Blick aus dem Fenster\u00e2\u20ac\u009d gibt. Das bot sich doch an, oder nicht? Schnell bin ich also an meinen Schreibtisch geflitzt und fuddelte das iPhone aus der Seitentasche. Schwupp-di-wupp, waren zwei Bilder im Kasten. Zwei Bilder Weltuntergangsstimmung &#8211; sehr unheimlich, aber auch sehr sch\u00c3\u00b6n und faszinierend. Das Bessere von den beiden, das zeige ich nun hier. :yes: Das Thema meiner Woche ist also Thema Nr. 1 &#8211; MEIN BLICK AUS DEM FENSTER. Ist halt mein B\u00c3\u00bcro- bzw. Laborfenster, aber ich gehe mal davon aus, das geht in Ordnung?! ;) \u00c3\u0153brigens\u00e2\u20ac\u00a6 der Feedburner-Counter funktioniert wieder\u00e2\u20ac\u00a6 freu &#8211; wie von Geisterhand. Genau, wie ich es mir gedacht hatte\u00e2\u20ac\u00a6.<\/p>\n","protected":false},"author":1,"featured_media":0,"comment_status":"open","ping_status":"open","sticky":false,"template":"","format":"standard","meta":{"_jetpack_newsletter_access":"","_jetpack_dont_email_post_to_subs":false,"_jetpack_newsletter_tier_id":0,"_jetpack_memberships_contains_paywalled_content":false,"_jetpack_memberships_contains_paid_content":false,"footnotes":""},"categories":[2],"tags":[957],"class_list":["post-10407","post","type-post","status-publish","format-standard","hentry","category-foto","tag-foto"],"jetpack_sharing_enabled":true,"jetpack_shortlink":"https:\/\/wp.me\/pq7aY-2HR","jetpack_likes_enabled":true,"jetpack-related-posts":[],"jetpack_featured_media_url":"","_links":{"self":[{"href":"https:\/\/terragina.de\/blog\/wp-json\/wp\/v2\/posts\/10407","targetHints":{"allow":["GET"]}}],"collection":[{"href":"https:\/\/terragina.de\/blog\/wp-json\/wp\/v2\/posts"}],"about":[{"href":"https:\/\/terragina.de\/blog\/wp-json\/wp\/v2\/types\/post"}],"author":[{"embeddable":true,"href":"https:\/\/terragina.de\/blog\/wp-json\/wp\/v2\/users\/1"}],"replies":[{"embeddable":true,"href":"https:\/\/terragina.de\/blog\/wp-json\/wp\/v2\/comments?post=10407"}],"version-history":[{"count":0,"href":"https:\/\/terragina.de\/blog\/wp-json\/wp\/v2\/posts\/10407\/revisions"}],"wp:attachment":[{"href":"https:\/\/terragina.de\/blog\/wp-json\/wp\/v2\/media?parent=10407"}],"wp:term":[{"taxonomy":"category","embeddable":true,"href":"https:\/\/terragina.de\/blog\/wp-json\/wp\/v2\/categories?post=10407"},{"taxonomy":"post_tag","embeddable":true,"href":"https:\/\/terragina.de\/blog\/wp-json\/wp\/v2\/tags?post=10407"}],"curies":[{"name":"wp","href":"https:\/\/api.w.org\/{rel}","templated":true}]}}