{"id":10446,"date":"2012-10-07T10:42:04","date_gmt":"2012-10-07T08:42:04","guid":{"rendered":"http:\/\/terragina.de\/blog\/?p=10446"},"modified":"2012-10-07T10:46:46","modified_gmt":"2012-10-07T08:46:46","slug":"my-weekly-pics-402012","status":"publish","type":"post","link":"https:\/\/terragina.de\/blog\/2012\/10\/07\/my-weekly-pics-402012\/","title":{"rendered":"My Weekly Pics 40\/2012"},"content":{"rendered":"<p style=\"text-align: center;\"><a href=\"http:\/\/terragina.de\/blog\/wp-content\/uploads\/2012\/10\/my_weekly_pics_402012.jpg\" rel=\"lightbox[10446]\"><img loading=\"lazy\" decoding=\"async\" src=\"http:\/\/terragina.de\/blog\/wp-content\/uploads\/2012\/10\/my_weekly_pics_402012-tm.jpg\" width=\"460\" height=\"452\" alt=\"My Weekly Pics 40\/2012\" \/><\/a><\/p>\n<p><\/p>\n<p>Aufmerksame Leserinnen und Leser meines Blogs werden es merken\u00e2\u20ac\u00a6 ich mache mich hier ziemlich rar und blogge auch ein wenig einseitig. Manchmal laufen Dinge im Leben leider anders, als man sich es w\u00c3\u00bcnscht. :( Was mir auch spontan dazu einf\u00c3\u00a4llt: Das Leben ist kein Ponyhof oder der Satz, dem ich meinem Liebsten vor \u00c3\u00bcber 21 Jahren am Altar mit \u00e2\u20ac\u009dja\u00e2\u20ac\u009d beantwortet habe: In guten wie in schlechten Zeiten.<\/p>\n<p>Trotzdem hier und jetzt meine Bilder der Woche. Der Kater war frech wie immer, die Sommerdeko wich f\u00c3\u00bcr die Herbstdeko (und meine Fenster sind immer noch nicht geputzt), am Feiertag ein sch\u00c3\u00b6ner Spaziergang in den Wald und auf die Apfelwiese mit anschlie\u00c3\u0178endem Eis und Espresso und gestern ein dringend n\u00c3\u00b6tiger Einkaufsbummel in unserem Lieblings-Einkaufszentrum, der Sohnemann brauchte dringend neue Klamotten f\u00c3\u00bcr die k\u00c3\u00bchlere H\u00c3\u00a4lfte des Jahres.<\/p>\n<p>Im Laufe des Tages, wenn ich gemeinsam mit dem Hobbykoch gekocht habe und wir ein wenig durch die Herbstsonne spaziert sind, werde ich noch mein Wochenbild f\u00c3\u00bcr das Fotoprojekt bloggen.<\/p>\n<p><em>Macht Euch einen sch\u00c3\u00b6nen Sonntag!<\/em><\/p>\n<p><em><br \/><\/em><\/p>\n","protected":false},"excerpt":{"rendered":"<p>Aufmerksame Leserinnen und Leser meines Blogs werden es merken\u00e2\u20ac\u00a6 ich mache mich hier ziemlich rar und blogge auch ein wenig einseitig. Manchmal laufen Dinge im Leben leider anders, als man sich es w\u00c3\u00bcnscht. :( Was mir auch spontan dazu einf\u00c3\u00a4llt: Das Leben ist kein Ponyhof oder der Satz, dem ich meinem Liebsten vor \u00c3\u00bcber 21 Jahren am Altar mit \u00e2\u20ac\u009dja\u00e2\u20ac\u009d beantwortet habe: In guten wie in schlechten Zeiten. Trotzdem hier und jetzt meine Bilder der Woche. Der Kater war frech wie immer, die Sommerdeko wich f\u00c3\u00bcr die Herbstdeko (und meine Fenster sind immer noch nicht geputzt), am Feiertag ein sch\u00c3\u00b6ner Spaziergang in den Wald und auf die Apfelwiese mit anschlie\u00c3\u0178endem Eis und Espresso und gestern ein dringend n\u00c3\u00b6tiger Einkaufsbummel in unserem Lieblings-Einkaufszentrum, der Sohnemann brauchte dringend neue Klamotten f\u00c3\u00bcr die k\u00c3\u00bchlere H\u00c3\u00a4lfte des Jahres. Im Laufe des Tages, wenn ich gemeinsam mit dem Hobbykoch gekocht habe und wir ein wenig durch die Herbstsonne spaziert sind, werde ich noch mein Wochenbild f\u00c3\u00bcr das Fotoprojekt bloggen. Macht Euch einen sch\u00c3\u00b6nen Sonntag!<\/p>\n","protected":false},"author":1,"featured_media":0,"comment_status":"open","ping_status":"open","sticky":false,"template":"","format":"standard","meta":{"_jetpack_newsletter_access":"","_jetpack_dont_email_post_to_subs":false,"_jetpack_newsletter_tier_id":0,"_jetpack_memberships_contains_paywalled_content":false,"_jetpack_memberships_contains_paid_content":false,"footnotes":""},"categories":[2],"tags":[421,964,957,422,981],"class_list":["post-10446","post","type-post","status-publish","format-standard","hentry","category-foto","tag-fotoalbum","tag-fotografie","tag-foto","tag-fotos","tag-my-weekly-pics"],"jetpack_sharing_enabled":true,"jetpack_shortlink":"https:\/\/wp.me\/pq7aY-2Iu","jetpack_likes_enabled":true,"jetpack-related-posts":[],"jetpack_featured_media_url":"","_links":{"self":[{"href":"https:\/\/terragina.de\/blog\/wp-json\/wp\/v2\/posts\/10446","targetHints":{"allow":["GET"]}}],"collection":[{"href":"https:\/\/terragina.de\/blog\/wp-json\/wp\/v2\/posts"}],"about":[{"href":"https:\/\/terragina.de\/blog\/wp-json\/wp\/v2\/types\/post"}],"author":[{"embeddable":true,"href":"https:\/\/terragina.de\/blog\/wp-json\/wp\/v2\/users\/1"}],"replies":[{"embeddable":true,"href":"https:\/\/terragina.de\/blog\/wp-json\/wp\/v2\/comments?post=10446"}],"version-history":[{"count":0,"href":"https:\/\/terragina.de\/blog\/wp-json\/wp\/v2\/posts\/10446\/revisions"}],"wp:attachment":[{"href":"https:\/\/terragina.de\/blog\/wp-json\/wp\/v2\/media?parent=10446"}],"wp:term":[{"taxonomy":"category","embeddable":true,"href":"https:\/\/terragina.de\/blog\/wp-json\/wp\/v2\/categories?post=10446"},{"taxonomy":"post_tag","embeddable":true,"href":"https:\/\/terragina.de\/blog\/wp-json\/wp\/v2\/tags?post=10446"}],"curies":[{"name":"wp","href":"https:\/\/api.w.org\/{rel}","templated":true}]}}