{"id":10517,"date":"2012-10-14T13:38:59","date_gmt":"2012-10-14T11:38:59","guid":{"rendered":"http:\/\/terragina.de\/blog\/?p=10517"},"modified":"2012-10-14T13:41:33","modified_gmt":"2012-10-14T11:41:33","slug":"my-weekly-pics-412012","status":"publish","type":"post","link":"https:\/\/terragina.de\/blog\/2012\/10\/14\/my-weekly-pics-412012\/","title":{"rendered":"My Weekly Pics 41\/2012"},"content":{"rendered":"<p style=\"text-align: center;\"><a href=\"http:\/\/terragina.de\/blog\/wp-content\/uploads\/2012\/10\/my_weekly_pics_412012.jpg\" rel=\"lightbox[10517]\"><img loading=\"lazy\" decoding=\"async\" src=\"http:\/\/terragina.de\/blog\/wp-content\/uploads\/2012\/10\/my_weekly_pics_412012-tm.jpg\" width=\"460\" height=\"460\" alt=\"My Weekly Pics 41\/2012\" \/><\/a><\/p>\n<p><\/p>\n<p>Es ist wieder Zeit f\u00c3\u00bcr die Weekly Pics. Und leider kann ich nicht die Fotos mit einbasteln, die ich mit der gro\u00c3\u0178en Kamera geknipst habe. Schon ein wenig schade, aber es ist eben, wie es ist. :( Also gibt es wieder einmal mehr Bilder von den Miezen und ein Foto von vorgestern morgen, als die Sonne \u00c3\u00bcber unserem kleinen Stadtteil aufging. Irgendwie ist es zur Zeit einfach so, dass ich sehr gerne die gro\u00c3\u0178e Kamera z\u00c3\u00bccke, um sch\u00c3\u00b6ne Momente festzuhalten.<\/p>\n<p>Rechts oben ein Hintergrund, den ich mir f\u00c3\u00bcrs i*Phone herunter geladen habe. Gef\u00c3\u00a4llt mir einfach unheimlich gut. :yes:<\/p>\n<p><em>Ich w\u00c3\u00bcnsche Euch einen sch\u00c3\u00b6nen Sonntag &#8211; wir starten bald zum Verwandschaftbesuch\u00e2\u20ac\u00a6<\/em> :winke:<\/p>\n","protected":false},"excerpt":{"rendered":"<p>Es ist wieder Zeit f\u00c3\u00bcr die Weekly Pics. Und leider kann ich nicht die Fotos mit einbasteln, die ich mit der gro\u00c3\u0178en Kamera geknipst habe. Schon ein wenig schade, aber es ist eben, wie es ist. :( Also gibt es wieder einmal mehr Bilder von den Miezen und ein Foto von vorgestern morgen, als die Sonne \u00c3\u00bcber unserem kleinen Stadtteil aufging. Irgendwie ist es zur Zeit einfach so, dass ich sehr gerne die gro\u00c3\u0178e Kamera z\u00c3\u00bccke, um sch\u00c3\u00b6ne Momente festzuhalten. Rechts oben ein Hintergrund, den ich mir f\u00c3\u00bcrs i*Phone herunter geladen habe. Gef\u00c3\u00a4llt mir einfach unheimlich gut. :yes: Ich w\u00c3\u00bcnsche Euch einen sch\u00c3\u00b6nen Sonntag &#8211; wir starten bald zum Verwandschaftbesuch\u00e2\u20ac\u00a6 :winke:<\/p>\n","protected":false},"author":1,"featured_media":0,"comment_status":"open","ping_status":"open","sticky":false,"template":"","format":"standard","meta":{"_jetpack_newsletter_access":"","_jetpack_dont_email_post_to_subs":false,"_jetpack_newsletter_tier_id":0,"_jetpack_memberships_contains_paywalled_content":false,"_jetpack_memberships_contains_paid_content":false,"footnotes":""},"categories":[2],"tags":[421,964,957,422,981],"class_list":["post-10517","post","type-post","status-publish","format-standard","hentry","category-foto","tag-fotoalbum","tag-fotografie","tag-foto","tag-fotos","tag-my-weekly-pics"],"jetpack_sharing_enabled":true,"jetpack_shortlink":"https:\/\/wp.me\/pq7aY-2JD","jetpack_likes_enabled":true,"jetpack-related-posts":[],"jetpack_featured_media_url":"","_links":{"self":[{"href":"https:\/\/terragina.de\/blog\/wp-json\/wp\/v2\/posts\/10517","targetHints":{"allow":["GET"]}}],"collection":[{"href":"https:\/\/terragina.de\/blog\/wp-json\/wp\/v2\/posts"}],"about":[{"href":"https:\/\/terragina.de\/blog\/wp-json\/wp\/v2\/types\/post"}],"author":[{"embeddable":true,"href":"https:\/\/terragina.de\/blog\/wp-json\/wp\/v2\/users\/1"}],"replies":[{"embeddable":true,"href":"https:\/\/terragina.de\/blog\/wp-json\/wp\/v2\/comments?post=10517"}],"version-history":[{"count":0,"href":"https:\/\/terragina.de\/blog\/wp-json\/wp\/v2\/posts\/10517\/revisions"}],"wp:attachment":[{"href":"https:\/\/terragina.de\/blog\/wp-json\/wp\/v2\/media?parent=10517"}],"wp:term":[{"taxonomy":"category","embeddable":true,"href":"https:\/\/terragina.de\/blog\/wp-json\/wp\/v2\/categories?post=10517"},{"taxonomy":"post_tag","embeddable":true,"href":"https:\/\/terragina.de\/blog\/wp-json\/wp\/v2\/tags?post=10517"}],"curies":[{"name":"wp","href":"https:\/\/api.w.org\/{rel}","templated":true}]}}