{"id":10562,"date":"2012-10-27T17:18:24","date_gmt":"2012-10-27T15:18:24","guid":{"rendered":"http:\/\/terragina.de\/blog\/?p=10562"},"modified":"2012-10-27T17:18:26","modified_gmt":"2012-10-27T15:18:26","slug":"weit-weg","status":"publish","type":"post","link":"https:\/\/terragina.de\/blog\/2012\/10\/27\/weit-weg\/","title":{"rendered":"Weit weg"},"content":{"rendered":"<p><a title=\"Martins Fotoprojekt 52 Pics Of A Year\" href=\"http:\/\/terragina.de\/blog\/52-pics-of-a-year\/\" target=\"blank\"><img loading=\"lazy\" decoding=\"async\" src=\"http:\/\/terragina.de\/blog\/wp-content\/uploads\/2012\/09\/52_pics_of_a_year1.jpg\" width=\"100\" height=\"100\" alt=\"Mein Blick aus dem Fenster\" style=\"float:left; margin-right:10px; margin-bottom:10px;\" \/><\/a>Eine Idee in dieser Woche f\u00c3\u00bcr Martins Fotoprojekt hatte ich eigentlich schon. Die Bilder hatte ich auch vor wenigen Minuten geknipst und sicher im Kasten. Gerade, als ich die Fotos von der Kamera runter geladen hatte, rief mich das Tochterkind auf die Terrasse und machte mir unmissverst\u00c3\u00a4ndlich klar, dass ich die Kamera mitbringen sollte.<\/p>\n<p>Ja, das Bild, welches sich uns bot, war in jedem Fall ein Foto wert. Nur ein wenig schade, dass leider noch immer das Makro auf der Kamera war &#8211; mir blieb aber nur sehr wenig Zeit &#8211; an Objektivwechsel war nicht zu denken, dann w\u00c3\u00a4re das Motiv futsch gewesen. Trotzdem bin ich mit dem Ergebnis sehr zufrieden. Ich sortiere es beim Thema Numero 30 &#8211; WEIT WEG &#8211; ein.<\/p>\n<p>Gef\u00c3\u00a4llt mir sehr dazu aus zweierlei Hinsicht. Zum einen, weil die V\u00c3\u00b6gel ziemlich weit weg von mir waren und zum anderen, weil sie wohl noch viel, viel weiter weg ziehen werden. Wen wundert`s, wenn es Ende Oktober schon schneit? Hier also nun das 7. Bild zum Projekt &#8211; klick macht gro\u00c3\u0178:<\/p>\n<div style=\"text-align: center;\">\n  <a href=\"http:\/\/terragina.de\/blog\/wp-content\/uploads\/2012\/10\/30_weit_weg.jpg\" rel=\"lightbox[10562]\"><img loading=\"lazy\" decoding=\"async\" src=\"http:\/\/terragina.de\/blog\/wp-content\/uploads\/2012\/10\/30_weit_weg-tm.jpg\" width=\"360\" height=\"270\" alt=\"30_weit_weg.jpg\" \/><\/a>\n<\/div>\n<p><\/p>\n<p>V\u00c3\u00b6llig faszinierend! Eines habe ich noch, dann sind sie \u00c3\u00bcber unserem Haus verschwunden\u00e2\u20ac\u00a6<\/p>\n<div style=\"text-align: center;\">\n  <a href=\"http:\/\/terragina.de\/blog\/wp-content\/uploads\/2012\/10\/30_weit_weg_02.jpg\" rel=\"lightbox[10562]\"><img loading=\"lazy\" decoding=\"async\" src=\"http:\/\/terragina.de\/blog\/wp-content\/uploads\/2012\/10\/30_weit_weg_02-tm.jpg\" width=\"360\" height=\"270\" alt=\"30_weit_weg_02.jpg\" \/><\/a>\n<\/div>\n","protected":false},"excerpt":{"rendered":"<p>Eine Idee in dieser Woche f\u00c3\u00bcr Martins Fotoprojekt hatte ich eigentlich schon. Die Bilder hatte ich auch vor wenigen Minuten geknipst und sicher im Kasten. Gerade, als ich die Fotos von der Kamera runter geladen hatte, rief mich das Tochterkind auf die Terrasse und machte mir unmissverst\u00c3\u00a4ndlich klar, dass ich die Kamera mitbringen sollte. Ja, das Bild, welches sich uns bot, war in jedem Fall ein Foto wert. Nur ein wenig schade, dass leider noch immer das Makro auf der Kamera war &#8211; mir blieb aber nur sehr wenig Zeit &#8211; an Objektivwechsel war nicht zu denken, dann w\u00c3\u00a4re das Motiv futsch gewesen. Trotzdem bin ich mit dem Ergebnis sehr zufrieden. Ich sortiere es beim Thema Numero 30 &#8211; WEIT WEG &#8211; ein. Gef\u00c3\u00a4llt mir sehr dazu aus zweierlei Hinsicht. Zum einen, weil die V\u00c3\u00b6gel ziemlich weit weg von mir waren und zum anderen, weil sie wohl noch viel, viel weiter weg ziehen werden. Wen wundert`s, wenn es Ende Oktober schon schneit? Hier also nun das 7. Bild zum Projekt &#8211; klick macht gro\u00c3\u0178: V\u00c3\u00b6llig &hellip;<\/p>\n","protected":false},"author":1,"featured_media":0,"comment_status":"open","ping_status":"open","sticky":false,"template":"","format":"standard","meta":{"_jetpack_newsletter_access":"","_jetpack_dont_email_post_to_subs":false,"_jetpack_newsletter_tier_id":0,"_jetpack_memberships_contains_paywalled_content":false,"_jetpack_memberships_contains_paid_content":false,"footnotes":""},"categories":[2],"tags":[421,964,957,422],"class_list":["post-10562","post","type-post","status-publish","format-standard","hentry","category-foto","tag-fotoalbum","tag-fotografie","tag-foto","tag-fotos"],"jetpack_sharing_enabled":true,"jetpack_shortlink":"https:\/\/wp.me\/pq7aY-2Km","jetpack_likes_enabled":true,"jetpack-related-posts":[],"jetpack_featured_media_url":"","_links":{"self":[{"href":"https:\/\/terragina.de\/blog\/wp-json\/wp\/v2\/posts\/10562","targetHints":{"allow":["GET"]}}],"collection":[{"href":"https:\/\/terragina.de\/blog\/wp-json\/wp\/v2\/posts"}],"about":[{"href":"https:\/\/terragina.de\/blog\/wp-json\/wp\/v2\/types\/post"}],"author":[{"embeddable":true,"href":"https:\/\/terragina.de\/blog\/wp-json\/wp\/v2\/users\/1"}],"replies":[{"embeddable":true,"href":"https:\/\/terragina.de\/blog\/wp-json\/wp\/v2\/comments?post=10562"}],"version-history":[{"count":0,"href":"https:\/\/terragina.de\/blog\/wp-json\/wp\/v2\/posts\/10562\/revisions"}],"wp:attachment":[{"href":"https:\/\/terragina.de\/blog\/wp-json\/wp\/v2\/media?parent=10562"}],"wp:term":[{"taxonomy":"category","embeddable":true,"href":"https:\/\/terragina.de\/blog\/wp-json\/wp\/v2\/categories?post=10562"},{"taxonomy":"post_tag","embeddable":true,"href":"https:\/\/terragina.de\/blog\/wp-json\/wp\/v2\/tags?post=10562"}],"curies":[{"name":"wp","href":"https:\/\/api.w.org\/{rel}","templated":true}]}}