{"id":10576,"date":"2012-11-04T09:08:16","date_gmt":"2012-11-04T08:08:16","guid":{"rendered":"http:\/\/terragina.de\/blog\/?p=10576"},"modified":"2012-11-04T09:10:11","modified_gmt":"2012-11-04T08:10:11","slug":"my-weekly-pics-streikt","status":"publish","type":"post","link":"https:\/\/terragina.de\/blog\/2012\/11\/04\/my-weekly-pics-streikt\/","title":{"rendered":"My Weekly Pics streikt"},"content":{"rendered":"<p>Ruhig war es die Woche \u00c3\u00bcber. Terragina hatte viel um die Ohren und vielleicht auch schlichtweg mal keine Lust zu bloggen.<\/p>\n<p>Nun aber wollte ich Euch meine Fotos der Woche zeigen &#8211; nur irgendwie streikt meine i*Phone-App? Ich f\u00c3\u00bcrchte, erstmalig mu\u00c3\u0178 ich die Ver\u00c3\u00b6ffentlichung der KW 44 aussetzen oder nachreichen. Und ich \u00c3\u00a4rgere mich jetzt nicht dar\u00c3\u00bcber, denn es hat keinen Sinn, sich \u00c3\u00bcber Dinge zu \u00c3\u00a4rgern, die man bzw. frau nicht \u00c3\u00a4ndern kann. Das erz\u00c3\u00a4hle ich auch immer meinen Kindern und nun gehe ich mit gutem Beispiel voran.<\/p>\n<p>Ersatzweise zeige ich Euch ein Foto vom Main\u00e2\u20ac\u00a6 gestern bei Pieselwetter aufgenommen mit meiner hei\u00c3\u0178geliebten Hipstamatic-App:<\/p>\n<div style=\"text-align: center;\">\n  <img loading=\"lazy\" decoding=\"async\" src=\"http:\/\/terragina.de\/blog\/wp-content\/uploads\/2012\/11\/mainfaehre.jpg\" width=\"460\" height=\"460\" alt=\"mainfaehre.jpg\" \/>\n<\/div>\n<p><\/p>\n<p style=\"text-align: center;\"><em>Macht Euch einen gem\u00c3\u00bctlichen Sonntag &#8211; wir tun das auch.<\/em> ;)<\/p>\n","protected":false},"excerpt":{"rendered":"<p>Ruhig war es die Woche \u00c3\u00bcber. Terragina hatte viel um die Ohren und vielleicht auch schlichtweg mal keine Lust zu bloggen. Nun aber wollte ich Euch meine Fotos der Woche zeigen &#8211; nur irgendwie streikt meine i*Phone-App? Ich f\u00c3\u00bcrchte, erstmalig mu\u00c3\u0178 ich die Ver\u00c3\u00b6ffentlichung der KW 44 aussetzen oder nachreichen. Und ich \u00c3\u00a4rgere mich jetzt nicht dar\u00c3\u00bcber, denn es hat keinen Sinn, sich \u00c3\u00bcber Dinge zu \u00c3\u00a4rgern, die man bzw. frau nicht \u00c3\u00a4ndern kann. Das erz\u00c3\u00a4hle ich auch immer meinen Kindern und nun gehe ich mit gutem Beispiel voran. Ersatzweise zeige ich Euch ein Foto vom Main\u00e2\u20ac\u00a6 gestern bei Pieselwetter aufgenommen mit meiner hei\u00c3\u0178geliebten Hipstamatic-App: Macht Euch einen gem\u00c3\u00bctlichen Sonntag &#8211; wir tun das auch. ;)<\/p>\n","protected":false},"author":1,"featured_media":0,"comment_status":"open","ping_status":"open","sticky":false,"template":"","format":"standard","meta":{"_jetpack_newsletter_access":"","_jetpack_dont_email_post_to_subs":false,"_jetpack_newsletter_tier_id":0,"_jetpack_memberships_contains_paywalled_content":false,"_jetpack_memberships_contains_paid_content":false,"footnotes":""},"categories":[114],"tags":[421,973],"class_list":["post-10576","post","type-post","status-publish","format-standard","hentry","category-plauderecke","tag-fotoalbum","tag-plauderecke"],"jetpack_sharing_enabled":true,"jetpack_shortlink":"https:\/\/wp.me\/pq7aY-2KA","jetpack_likes_enabled":true,"jetpack-related-posts":[],"jetpack_featured_media_url":"","_links":{"self":[{"href":"https:\/\/terragina.de\/blog\/wp-json\/wp\/v2\/posts\/10576","targetHints":{"allow":["GET"]}}],"collection":[{"href":"https:\/\/terragina.de\/blog\/wp-json\/wp\/v2\/posts"}],"about":[{"href":"https:\/\/terragina.de\/blog\/wp-json\/wp\/v2\/types\/post"}],"author":[{"embeddable":true,"href":"https:\/\/terragina.de\/blog\/wp-json\/wp\/v2\/users\/1"}],"replies":[{"embeddable":true,"href":"https:\/\/terragina.de\/blog\/wp-json\/wp\/v2\/comments?post=10576"}],"version-history":[{"count":0,"href":"https:\/\/terragina.de\/blog\/wp-json\/wp\/v2\/posts\/10576\/revisions"}],"wp:attachment":[{"href":"https:\/\/terragina.de\/blog\/wp-json\/wp\/v2\/media?parent=10576"}],"wp:term":[{"taxonomy":"category","embeddable":true,"href":"https:\/\/terragina.de\/blog\/wp-json\/wp\/v2\/categories?post=10576"},{"taxonomy":"post_tag","embeddable":true,"href":"https:\/\/terragina.de\/blog\/wp-json\/wp\/v2\/tags?post=10576"}],"curies":[{"name":"wp","href":"https:\/\/api.w.org\/{rel}","templated":true}]}}