{"id":10663,"date":"2012-11-25T16:13:15","date_gmt":"2012-11-25T15:13:15","guid":{"rendered":"http:\/\/terragina.de\/blog\/?p=10663"},"modified":"2012-11-26T10:13:21","modified_gmt":"2012-11-26T09:13:21","slug":"die-kleinste-bibliothek-der-welt","status":"publish","type":"post","link":"https:\/\/terragina.de\/blog\/2012\/11\/25\/die-kleinste-bibliothek-der-welt\/","title":{"rendered":"Die kleinste Bibliothek der Welt"},"content":{"rendered":"<p><a title=\"Martins Fotoprojekt 52 Pics Of A Year\" href=\"http:\/\/terragina.de\/blog\/52-pics-of-a-year\/\" target=\"blank\"><img loading=\"lazy\" decoding=\"async\" src=\"http:\/\/terragina.de\/blog\/wp-content\/uploads\/2012\/09\/52_pics_of_a_year1.jpg\" width=\"100\" height=\"100\" alt=\"Mein Blick aus dem Fenster\" style=\"float:left; margin-right:10px; margin-bottom:10px;\" \/><\/a>Seid ehrlich: Habt Ihr eine so kleine Bibliothek schon einmal gesehen? Ich bin jetzt schon ein paarmal daran vorbei gefahren, heute habe ich schnell angehalten und ein Foto f\u00c3\u00bcr meinen Blog davon gemacht, weil ich die Idee einfach toll finde. Der B\u00c3\u00bccherschrank steht direkt an einer Bushaltestelle &#8211; vor ca. 1 Woche ist er mir erstmals aufgefallen.<\/p>\n<p>Das Foto passt &#8211; noch &#8211; gut zum Thema Numero 13 &#8211; UNGEW\u00c3\u2013HNLICH, denn ich habe so etwas bis jetzt noch nie gesehen, obwohl es diese Schr\u00c3\u00a4nke ja bereits seit November 2009 in Frankfurt gibt. ;)<\/p>\n<div style=\"text-align: center;\">\n  <a href=\"http:\/\/terragina.de\/blog\/wp-content\/uploads\/2012\/11\/13_ungewoehnlich.jpg\" rel=\"lightbox[10663]\"><img loading=\"lazy\" decoding=\"async\" src=\"http:\/\/terragina.de\/blog\/wp-content\/uploads\/2012\/11\/13_ungewoehnlich-tm.jpg\" width=\"360\" height=\"270\" alt=\"13_ungewoehnlich.jpg\" \/><\/a>\n<\/div>\n<p><\/p>\n<p>Grossartige Sache, findet Ihr nicht auch? Und ich verspreche, ich werde auch mal schauen, ob ich nicht das ein oder andere Buch \u00c3\u00bcbrig habe, welches ich der Bibliothek zur Verf\u00c3\u00bcgung stelle. Das System scheint ja zu funktionieren. ;)<\/p>\n<p>Somit ist auch das 10. Bild zum Fotoprojekt gebloggt und es macht richtig Spa\u00c3\u0178. Ich denke, je weniger Themen es werden, umso schwieriger wird es, passende Fotos daf\u00c3\u00bcr zu knipsen. ;)<\/p>\n","protected":false},"excerpt":{"rendered":"<p>Seid ehrlich: Habt Ihr eine so kleine Bibliothek schon einmal gesehen? Ich bin jetzt schon ein paarmal daran vorbei gefahren, heute habe ich schnell angehalten und ein Foto f\u00c3\u00bcr meinen Blog davon gemacht, weil ich die Idee einfach toll finde. Der B\u00c3\u00bccherschrank steht direkt an einer Bushaltestelle &#8211; vor ca. 1 Woche ist er mir erstmals aufgefallen. Das Foto passt &#8211; noch &#8211; gut zum Thema Numero 13 &#8211; UNGEW\u00c3\u2013HNLICH, denn ich habe so etwas bis jetzt noch nie gesehen, obwohl es diese Schr\u00c3\u00a4nke ja bereits seit November 2009 in Frankfurt gibt. ;) Grossartige Sache, findet Ihr nicht auch? Und ich verspreche, ich werde auch mal schauen, ob ich nicht das ein oder andere Buch \u00c3\u00bcbrig habe, welches ich der Bibliothek zur Verf\u00c3\u00bcgung stelle. Das System scheint ja zu funktionieren. ;) Somit ist auch das 10. Bild zum Fotoprojekt gebloggt und es macht richtig Spa\u00c3\u0178. Ich denke, je weniger Themen es werden, umso schwieriger wird es, passende Fotos daf\u00c3\u00bcr zu knipsen. ;)<\/p>\n","protected":false},"author":1,"featured_media":0,"comment_status":"open","ping_status":"open","sticky":false,"template":"","format":"standard","meta":{"_jetpack_newsletter_access":"","_jetpack_dont_email_post_to_subs":false,"_jetpack_newsletter_tier_id":0,"_jetpack_memberships_contains_paywalled_content":false,"_jetpack_memberships_contains_paid_content":false,"footnotes":""},"categories":[114],"tags":[421,964,957,422],"class_list":["post-10663","post","type-post","status-publish","format-standard","hentry","category-plauderecke","tag-fotoalbum","tag-fotografie","tag-foto","tag-fotos"],"jetpack_sharing_enabled":true,"jetpack_shortlink":"https:\/\/wp.me\/pq7aY-2LZ","jetpack_likes_enabled":true,"jetpack-related-posts":[],"jetpack_featured_media_url":"","_links":{"self":[{"href":"https:\/\/terragina.de\/blog\/wp-json\/wp\/v2\/posts\/10663","targetHints":{"allow":["GET"]}}],"collection":[{"href":"https:\/\/terragina.de\/blog\/wp-json\/wp\/v2\/posts"}],"about":[{"href":"https:\/\/terragina.de\/blog\/wp-json\/wp\/v2\/types\/post"}],"author":[{"embeddable":true,"href":"https:\/\/terragina.de\/blog\/wp-json\/wp\/v2\/users\/1"}],"replies":[{"embeddable":true,"href":"https:\/\/terragina.de\/blog\/wp-json\/wp\/v2\/comments?post=10663"}],"version-history":[{"count":0,"href":"https:\/\/terragina.de\/blog\/wp-json\/wp\/v2\/posts\/10663\/revisions"}],"wp:attachment":[{"href":"https:\/\/terragina.de\/blog\/wp-json\/wp\/v2\/media?parent=10663"}],"wp:term":[{"taxonomy":"category","embeddable":true,"href":"https:\/\/terragina.de\/blog\/wp-json\/wp\/v2\/categories?post=10663"},{"taxonomy":"post_tag","embeddable":true,"href":"https:\/\/terragina.de\/blog\/wp-json\/wp\/v2\/tags?post=10663"}],"curies":[{"name":"wp","href":"https:\/\/api.w.org\/{rel}","templated":true}]}}