{"id":10777,"date":"2012-12-16T18:06:17","date_gmt":"2012-12-16T17:06:17","guid":{"rendered":"http:\/\/terragina.de\/blog\/?p=10777"},"modified":"2012-12-16T19:12:49","modified_gmt":"2012-12-16T18:12:49","slug":"projekt-foto-und-mitbringsel","status":"publish","type":"post","link":"https:\/\/terragina.de\/blog\/2012\/12\/16\/projekt-foto-und-mitbringsel\/","title":{"rendered":"Projekt-Foto und Mitbringsel"},"content":{"rendered":"<p><a title=\"Martins Fotoprojekt 52 Pics Of A Year\" href=\"http:\/\/terragina.de\/blog\/52-pics-of-a-year\/\" target=\"blank\"><img loading=\"lazy\" decoding=\"async\" src=\"http:\/\/terragina.de\/blog\/wp-content\/uploads\/2012\/09\/52_pics_of_a_year1.jpg\" width=\"100\" height=\"100\" alt=\"Mein Blick aus dem Fenster\" style=\"float:left; margin-right:10px; margin-bottom:10px;\" \/><\/a>Oh ja, im Dunkeln habe ich gestern Abend einige Bilder gemacht &#8211; und das f\u00c3\u00bcr mich Sch\u00c3\u00b6nste m\u00c3\u00b6chte ich f\u00c3\u00bcr Martins Projekt bloggen. :yes1:<\/p>\n<p>Da ich zu faul war, als Bahnreisende die gro\u00c3\u0178e Kamera mitzuschleppen und auch in Anbetracht dessen, dass es ja eigentlich regnen sollte, habe ich mich f\u00c3\u00bcr meine kleine Powershot entschieden. Letztendes sind die Fotos dann aber doch in gro\u00c3\u0178er \u00c3\u0153berzahl mit dem i*Phone entstanden. Asche auf mein Haupt. :(<\/p>\n<p>Foto Nummero 13 wird also heute noch ganz kurz vor Toresschluss zu Punkt 38 &#8211; IM DUNKELN &#8211; eingereicht. ;)<\/p>\n<p><\/p>\n<div style=\"text-align: center;\">\n  <a href=\"http:\/\/terragina.de\/blog\/wp-content\/uploads\/2012\/12\/38_im_dunkeln.jpg\" rel=\"lightbox[10777]\"><img loading=\"lazy\" decoding=\"async\" src=\"http:\/\/terragina.de\/blog\/wp-content\/uploads\/2012\/12\/38_im_dunkeln-tm.jpg\" width=\"360\" height=\"270\" alt=\"38_im_dunkeln.jpg\" \/><\/a>\n<\/div>\n<div style=\"text-align: center;\">\n  \n<\/div>\n<p><\/p>\n<div style=\"text-align: left;\">\n  Ein Foto habe ich eben noch mit meiner \u00e2\u20ac\u017eGro\u00c3\u0178en\u00e2\u20ac\u009d gemacht\u00e2\u20ac\u00a6 unsere Mitbringsel vom Erfurter Weihnachtsmarkt. :sing:\n<\/div>\n<p><\/p>\n<div style=\"text-align: center;\">\n  <img loading=\"lazy\" decoding=\"async\" src=\"http:\/\/terragina.de\/blog\/wp-content\/uploads\/2012\/12\/erfurt_mitbringsel.jpg\" width=\"580\" height=\"435\" alt=\"erfurt_mitbringsel.jpg\" \/>\n<\/div>\n<p><\/p>\n<div style=\"text-align: left;\">\n  Super-leckerer Honig aus Finnland (Butterblumenhonig, Nordischer Sommer und Arktischer Honig) und dieses wundersch\u00c3\u00b6ne Gl\u00c3\u00bchweinglas. In der braunen T\u00c3\u00bcte im Hintergrund befinden sich kleine P\u00c3\u00a4ckchen mit den ber\u00c3\u00bchmten Erfurter Kr\u00c3\u00a4merbr\u00c3\u00bccken-Tr\u00c3\u00bcffeln. Hmmmh!!\n<\/div>\n<div style=\"text-align: left;\">\n  \n<\/div>\n<div style=\"text-align: left;\">\n  Das Glas werde ich in Ehren halten, damit es uns alle noch lange an dieses sch\u00c3\u00b6ne Wochenende erinnert.\n<\/div>\n","protected":false},"excerpt":{"rendered":"<p>Oh ja, im Dunkeln habe ich gestern Abend einige Bilder gemacht &#8211; und das f\u00c3\u00bcr mich Sch\u00c3\u00b6nste m\u00c3\u00b6chte ich f\u00c3\u00bcr Martins Projekt bloggen. :yes1: Da ich zu faul war, als Bahnreisende die gro\u00c3\u0178e Kamera mitzuschleppen und auch in Anbetracht dessen, dass es ja eigentlich regnen sollte, habe ich mich f\u00c3\u00bcr meine kleine Powershot entschieden. Letztendes sind die Fotos dann aber doch in gro\u00c3\u0178er \u00c3\u0153berzahl mit dem i*Phone entstanden. Asche auf mein Haupt. :( Foto Nummero 13 wird also heute noch ganz kurz vor Toresschluss zu Punkt 38 &#8211; IM DUNKELN &#8211; eingereicht. ;) Ein Foto habe ich eben noch mit meiner \u00e2\u20ac\u017eGro\u00c3\u0178en\u00e2\u20ac\u009d gemacht\u00e2\u20ac\u00a6 unsere Mitbringsel vom Erfurter Weihnachtsmarkt. :sing: Super-leckerer Honig aus Finnland (Butterblumenhonig, Nordischer Sommer und Arktischer Honig) und dieses wundersch\u00c3\u00b6ne Gl\u00c3\u00bchweinglas. In der braunen T\u00c3\u00bcte im Hintergrund befinden sich kleine P\u00c3\u00a4ckchen mit den ber\u00c3\u00bchmten Erfurter Kr\u00c3\u00a4merbr\u00c3\u00bccken-Tr\u00c3\u00bcffeln. Hmmmh!! Das Glas werde ich in Ehren halten, damit es uns alle noch lange an dieses sch\u00c3\u00b6ne Wochenende erinnert.<\/p>\n","protected":false},"author":1,"featured_media":0,"comment_status":"open","ping_status":"open","sticky":false,"template":"","format":"standard","meta":{"_jetpack_newsletter_access":"","_jetpack_dont_email_post_to_subs":false,"_jetpack_newsletter_tier_id":0,"_jetpack_memberships_contains_paywalled_content":false,"_jetpack_memberships_contains_paid_content":false,"footnotes":""},"categories":[2,136],"tags":[957],"class_list":["post-10777","post","type-post","status-publish","format-standard","hentry","category-foto","category-leichte-kueche","tag-foto"],"jetpack_sharing_enabled":true,"jetpack_shortlink":"https:\/\/wp.me\/pq7aY-2NP","jetpack_likes_enabled":true,"jetpack-related-posts":[],"jetpack_featured_media_url":"","_links":{"self":[{"href":"https:\/\/terragina.de\/blog\/wp-json\/wp\/v2\/posts\/10777","targetHints":{"allow":["GET"]}}],"collection":[{"href":"https:\/\/terragina.de\/blog\/wp-json\/wp\/v2\/posts"}],"about":[{"href":"https:\/\/terragina.de\/blog\/wp-json\/wp\/v2\/types\/post"}],"author":[{"embeddable":true,"href":"https:\/\/terragina.de\/blog\/wp-json\/wp\/v2\/users\/1"}],"replies":[{"embeddable":true,"href":"https:\/\/terragina.de\/blog\/wp-json\/wp\/v2\/comments?post=10777"}],"version-history":[{"count":0,"href":"https:\/\/terragina.de\/blog\/wp-json\/wp\/v2\/posts\/10777\/revisions"}],"wp:attachment":[{"href":"https:\/\/terragina.de\/blog\/wp-json\/wp\/v2\/media?parent=10777"}],"wp:term":[{"taxonomy":"category","embeddable":true,"href":"https:\/\/terragina.de\/blog\/wp-json\/wp\/v2\/categories?post=10777"},{"taxonomy":"post_tag","embeddable":true,"href":"https:\/\/terragina.de\/blog\/wp-json\/wp\/v2\/tags?post=10777"}],"curies":[{"name":"wp","href":"https:\/\/api.w.org\/{rel}","templated":true}]}}