{"id":10813,"date":"2012-12-30T08:19:26","date_gmt":"2012-12-30T07:19:26","guid":{"rendered":"http:\/\/terragina.de\/blog\/?p=10813"},"modified":"2013-01-02T06:29:57","modified_gmt":"2013-01-02T05:29:57","slug":"jahresruckblick-2012","status":"publish","type":"post","link":"https:\/\/terragina.de\/blog\/2012\/12\/30\/jahresruckblick-2012\/","title":{"rendered":"Jahresr\u00c3\u00bcckblick 2012"},"content":{"rendered":"<p style=\"text-align: center;\"><em>ein graues haar wieder geht ein jahr<\/em><\/p>\n<p style=\"text-align: center;\"><em>alles gute, danke, klar<\/em><\/p>\n<p style=\"text-align: center;\"><em>immer noch ein grund zu feiern<\/em><\/p>\n<p style=\"text-align: center;\"><em>erst recht mit grauem haar<\/em><\/p>\n<p><\/p>\n<p>Kennt Ihr diesen <a href=\"http:\/\/lmgtfy.com\/?q=Pur+-+Ein+graues+Haar\" title=\"Ich m\u00c3\u00b6chte es genauer wissen\">Liedtext<\/a>? Er stammt von <strong>Pur<\/strong>, die ich sehr gerne mag. Und eben kam mir zum Jahresende eben genau dieses Lied in den Sinn. Ich wiederhole mich auch an dieser Stelle immer wieder. Es ist ein Wahnsinn, wie schnell die Zeit vergeht. Und wie seit einigen Jahren schon, steht auch am Ende dieses Jahres mein kleiner Jahresr\u00c3\u00bcckblick, den Ihr Euch auch gerne mitnehmen d\u00c3\u00bcrft. ;)<\/p>\n<p><strong><font color=\"#5199A5\"><br \/><\/font><\/strong><\/p>\n<p><strong><font color=\"#5199A5\">DAS WAR MEIN JAHR 2012<\/font><\/strong><\/p>\n<p><font color=\"#5199A5\">Vorherrschendes Gef\u00c3\u00bchl f\u00c3\u00bcr 2012?<\/font><br \/>\nEs war definitiv nicht mein bzw. unser Jahr. Warum, geh\u00c3\u00b6rt nicht in diesen Blog und zum Ende des Jahres sehe ich auch ein Licht am Ende des Tunnels. Spontan f\u00c3\u00a4llt mir dazu ein: Nach einer Talfahrt geht`s auch wieder bergauf. Darauf hoffe ich jetzt.<\/p>\n<p><font color=\"#5199A5\">2012 zum ersten Mal getan?<\/font><br \/>\nMit Pailletten gebastelt.<\/p>\n<p><font color=\"#5199A5\">2012 nach langer Zeit wieder getan?<\/font><br \/>\nDas Strickzeug rausgeholt.<\/p>\n<p><font color=\"#5199A5\">2012 leider nicht getan?<\/font><br \/>\nIch habe meine Freundinnen und Freunde nicht besucht, habe mich ein wenig eingeigelt. Ich hoffe, das wird im n\u00c3\u00a4chsten Jahr wieder anders?<\/p>\n<p><font color=\"#5199A5\">Der hirnrissigste Plan?<\/font><br \/>\nNein, auch dieses Jahr habe ich keinen hirnrissigen Entschluss gefasst und somit bleibt diese Frage unbeantwortet.<\/p>\n<p><font color=\"#5199A5\">Die gef\u00c3\u00a4hrlichste Unternehmung?<\/font><br \/>\nAuch einen Adrenalin-Kick brauche ich nicht &#8211; mein Leben findet ziemlich gem\u00c3\u00bctlich statt.<\/p>\n<p><font color=\"#5199A5\">Die teuerste Anschaffung?<\/font><br \/>\nIch glaube, das Teuerste in diesem Jahr war meine sch\u00c3\u00b6ne neue Kamera &#8211; ich liebe sie!<\/p>\n<p><font color=\"#5199A5\">(Un)wort des Jahres?<\/font><br \/>\nHuch? Ich kann ein Weilchen dar\u00c3\u00bcber nachdenken, aber irgendwie m\u00c3\u00b6chte mir gerade kein Unwort einfallen. Was ich allerdings ganz schrecklich finde, ist, wenn Kinder ihre Eltern mit \u00e2\u20ac\u017eAlder\u00e2\u20ac\u009d ansprechen. Ist das nicht gruselig?<\/p>\n<p><font color=\"#5199A5\">Zugenommen oder abgenommen?<\/font><br \/>\nIch halte mein Gewicht und dar\u00c3\u00bcber bin ich auch sehr froh.<\/p>\n<p><font color=\"#5199A5\">Stadt des Jahres?<\/font><br \/>\nErfurt &#8211; in eine andere Stadt haben wir es in diesem Jahr nicht geschafft. :)<\/p>\n<p><font color=\"#5199A5\">Alkoholexzesse?<\/font><br \/>\nIch werde mich h\u00c3\u00bcten&#8230;<\/p>\n<p><font color=\"#5199A5\">Davon gekotzt?<\/font><br \/>\nDie Antwort er\u00c3\u00bcbrigt sich.<\/p>\n<p><font color=\"#5199A5\">Haare l\u00c3\u00a4nger oder k\u00c3\u00bcrzer?<\/font><br \/>\nKinnl\u00c3\u00a4nge &#8211; das steht mir einfach am besten. Es hat sich also nicht viel ver\u00c3\u00a4ndert, nur die Farbe. ;)<\/p>\n<p><font color=\"#5199A5\">Kurzsichtiger oder Weitsichtiger?<\/font><br \/>\nAn meinen Augen kann ich keine Ver\u00c3\u00a4nderungen feststellen.<\/p>\n<p><font color=\"#5199A5\">Mehr Kohle oder weniger?<\/font><br \/>\nDank meines Jubil\u00c3\u00a4ums gab`s dieses Jahr ein wenig mehr.<\/p>\n<p><font color=\"#5199A5\">Mehr ausgegeben oder weniger?<\/font><br \/>\nMehr als wann? Als 2011? Ich denke ein wenig mehr..<\/p>\n<p><font color=\"#5199A5\">Mehr bewegt oder weniger?<\/font><br \/>\nDurch meinen Job bin ich viel in Bewegung und ich mache ja auch meinen Sport. Zu 2011 hat sich allerdings nicht viel ge\u00c3\u00a4ndert, glaube ich.!<\/p>\n<p><font color=\"#5199A5\">H\u00c3\u00b6chste Handyrechnung?<\/font><br \/>\nIch habe immer noch einen Festbetrag.<\/p>\n<p><font color=\"#5199A5\">Krankenhausbesuche?<\/font><br \/>\nKeine.<\/p>\n<p><font color=\"#5199A5\">Getr\u00c3\u00a4nk des Jahres?<\/font><br \/>\nHier kommt <a href=\"http:\/\/terragina.de\/blog\/2012\/08\/04\/hier-kommt-kurt\/\" title=\"Kurti-Rezept\">Kurt<\/a>.<\/p>\n<p><font color=\"#5199A5\">Das leckerste Essen?<\/font><br \/>\nEs gibt so viele leckere Dinge, da w\u00c3\u00a4re die Liste lang.<\/p>\n<p><font color=\"#5199A5\">Most called Persons?<\/font><br \/>\nImmer noch die gleichen &#8211; das Tochterkind und mein Hobbykoch. Der Sohnemann ist immer noch nicht so der Telefonierer.<\/p>\n<p><font color=\"#5199A5\">Die sch\u00c3\u00b6nste Zeit verbracht mit?<\/font><br \/>\nMeiner Familie. :)<\/p>\n<p><font color=\"#5199A5\">Die meiste Zeit verbracht mit?<\/font><br \/>\nDer Family, den Miezen und meinen Kollegen. Da hat sich nichts ge\u00c3\u00a4ndert.<\/p>\n<p><font color=\"#5199A5\">Song des Jahres?<\/font><br \/>\nAuch in diesem Jahr gab es einige tolle Songs. Da war Anfang des Jahres zum Beispiel Tove Styrke mit \u00e2\u20ac\u017eCall my Name\u00e2\u20ac\u009d. Oder die Toten Hosen mit \u00e2\u20ac\u017eTage Wie Diese\u00e2\u20ac\u009d. Oder Kris mit \u00e2\u20ac\u017eDiese Tage\u00e2\u20ac\u009d, Lykke Li mit \u00e2\u20ac\u017eFollow Rivers\u00e2\u20ac\u009d und No Doubt mit \u00e2\u20ac\u017eSettle Down\u00e2\u20ac\u009d. Und es gab noch einige Lieder mehr, die mir gut gefallen haben. ;)<\/p>\n<p><font color=\"#5199A5\">CD (Album) des Jahres?<\/font><br \/>\nDa gibt\u00c2\u00b4s auch ein paar in diesem Jahr. Z.B. das neue Album von Pur, \u00e2\u20ac\u017eSchein &amp; Sein\u00e2\u20ac\u009d. Oder von One Direction \u00e2\u20ac\u017eTake Me Home\u00e2\u20ac\u009d. Besonders empfehlenswert sind auch die Alben von David Garrett, \u00e2\u20ac\u017eMusic de luxe\u00e2\u20ac\u009d oder Eros Ramazzotti mit \u00e2\u20ac\u017eNoi\u00e2\u20ac\u009d.<\/p>\n<p><font color=\"#5199A5\">Blockbuster des Jahres?<\/font><br \/>\nMerkw\u00c3\u00bcrdig, die besten Filme des Jahres gucke ich mir erst zum Jahresende an und eine Kinog\u00c3\u00a4ngerin bin ich gar nicht. \u00e2\u20ac\u017eDie Tribute von Panem\u00e2\u20ac\u009d hat mir ausgesprochen gut gefallen, aber auch ziemlich schockiert.<\/p>\n<p><font color=\"#5199A5\">Konzert des Jahres?<\/font><br \/>\nAuch in diesem Jahr gab es nur ein Konzert, und das war das von den Wise Guys in der Alten Oper.<\/p>\n<p><font color=\"#5199A5\">TV-Serie des Jahres?<\/font><br \/>\nIch bin wohl Immer noch kein richtiger Serienmensch, von daher gibt`s auch in diesem Jahr keine Lieblingsserie.<\/p>\n<p><font color=\"#5199A5\">Drei Dinge auf die ich gut h\u00c3\u00a4tte verzichten k\u00c3\u00b6nnen?<\/font><br \/>\n1. Diverse kaputte Ger\u00c3\u00a4te im Haus. 2. das Gepikse 1 x in der Woche (und immer noch hilft mir eben diese Spritze ganz hervorragend) und 3. eine Sache, die, wie oben bereits erw\u00c3\u00a4hnt, nichts in meinem Blog verloren hat. Aber ich bin zuversichtlich: Alles wird gut!<\/p>\n<p><font color=\"#5199A5\">Nachbar des Jahres?<\/font><br \/>\nDie Frau von gegen\u00c3\u00bcber, die erst vor ein paar Tagen genau die richtigen Worte gefunden hat.<\/p>\n<p><font color=\"#5199A5\">Die wichtigste Sache, von der ich jemanden \u00c3\u00bcberzeugen wollte?<\/font><br \/>\nDas Dampfen nat\u00c3\u00bcrlich. Bei einigen Leuten stosse ich da aber auf Granit. :( Und ich stehe trotzdem dazu!!<\/p>\n<p><font color=\"#5199A5\">Das sch\u00c3\u00b6nste Geschenk, das ich jemanden gemacht habe?<\/font><br \/>\nIch glaube, mit den Konzertkarten f\u00c3\u00bcr das Tochterkind ist mir in diesem Jahr eine gro\u00c3\u0178e \u00c3\u0153berraschung gelungen. Sch\u00c3\u00b6n!<\/p>\n<p><font color=\"#5199A5\">Das sch\u00c3\u00b6nste Geschenk, das mir jemand gemacht hat?<\/font><br \/>\nIst nicht das gr\u00c3\u00b6\u00c3\u0178te Geschenk Frohsinn und Gesundheit? Dagegen sind alle Geschenke wertlos, und trotzdem freue ich mich \u00c3\u00bcber verschiedene Dinge wie ein kleines Kind.<\/p>\n<p><font color=\"#5199A5\">Der sch\u00c3\u00b6nste Satz, den jemand zu mir gesagt hat?<\/font><br \/>\n\u00e2\u20ac\u017eIch liebe Dich\u00e2\u20ac\u009d<\/p>\n<p><font color=\"#5199A5\">Die gr\u00c3\u00b6\u00c3\u0178te Entt\u00c3\u00a4uschung?<\/font><br \/>\nOh ja, ich war in diesem Jahr sehr entt\u00c3\u00a4uscht, aber auch dar\u00c3\u00bcber m\u00c3\u00b6chte ich hier nicht schreiben. Bitte seht es mir nach.<\/p>\n<p><font color=\"#5199A5\">Die Erkenntnis des Jahres?<\/font><br \/>\nEs gibt f\u00c3\u00bcr alles einen Weg. Und wo ein Wille ist\u00e2\u20ac\u00a6.<\/p>\n<p><font color=\"#5199A5\">Beste Idee\/Entscheidung des Jahres?<\/font><br \/>\nDas Rauchen aufzugeben und zu Dampfen. Auch wenn so mancher sagt und denkt, dass ich damit auch aufh\u00c3\u00b6ren sollte. Ich dampfe sehr gerne und der Nikotingehalt in meinen Liquids ist auf ein Minimum geschrumpft. Im Laufe des n\u00c3\u00a4chsten Jahres werde ich vielleicht ganz darauf verzichten k\u00c3\u00b6nnen. Also auf`s Nikotin\u00e2\u20ac\u00a6 ;) Dampfen macht Spa\u00c3\u0178&#8230;<\/p>\n<p><font color=\"#5199A5\">Schlimmstes Ereignis?<\/font><br \/>\nDaran m\u00c3\u00b6chte ich mich nicht erinnern. Es gab einige unsch\u00c3\u00b6ne Ereignisse in diesem Jahr.<\/p>\n<p><font color=\"#5199A5\">Sch\u00c3\u00b6nste Ereignisse?<\/font><br \/>\nDer Kurztrip ins Montafon zum Skifahren war bei strahlendem Sonnenschein einfach nur gro\u00c3\u0178artig.<\/p>\n<p><font color=\"#5199A5\">Vorsatz f\u00c3\u00bcrs neue Jahr?<\/font><br \/>\nEs wird weiter gedampft und gestrickt und hoffentlich endlich wieder viel mehr gelesen. Ansonsten halte ich nicht viel von diesen guten Vors\u00c3\u00a4tzen. Wenn ich etwas \u00c3\u00a4ndern m\u00c3\u00b6chte, kann ich das an jedem anderen Tag des Jahres genauso.<\/p>\n<p><font color=\"#5199A5\">2012 war mit einem Wort?<\/font><br \/>\nAnstrengend.<\/p>\n<p><\/p>\n<p><em>Ob ich morgen nochmal zum Bloggen komme, wei\u00c3\u0178 ich nicht. Wenn nicht, w\u00c3\u00bcnsche ich all meinen treuen Leserinnen und Lesern einen guten Rutsch ins neue Jahr. Treibt`s nicht zu doll, denn einen Kater braucht kein Mensch. :) Alles alles Gute f\u00c3\u00bcr 2013!<\/em><\/p>\n","protected":false},"excerpt":{"rendered":"<p>ein graues haar wieder geht ein jahr alles gute, danke, klar immer noch ein grund zu feiern erst recht mit grauem haar Kennt Ihr diesen Liedtext? Er stammt von Pur, die ich sehr gerne mag. Und eben kam mir zum Jahresende eben genau dieses Lied in den Sinn. Ich wiederhole mich auch an dieser Stelle immer wieder. Es ist ein Wahnsinn, wie schnell die Zeit vergeht. Und wie seit einigen Jahren schon, steht auch am Ende dieses Jahres mein kleiner Jahresr\u00c3\u00bcckblick, den Ihr Euch auch gerne mitnehmen d\u00c3\u00bcrft. ;) DAS WAR MEIN JAHR 2012 Vorherrschendes Gef\u00c3\u00bchl f\u00c3\u00bcr 2012? Es war definitiv nicht mein bzw. unser Jahr. Warum, geh\u00c3\u00b6rt nicht in diesen Blog und zum Ende des Jahres sehe ich auch ein Licht am Ende des Tunnels. Spontan f\u00c3\u00a4llt mir dazu ein: Nach einer Talfahrt geht`s auch wieder bergauf. Darauf hoffe ich jetzt. 2012 zum ersten Mal getan? Mit Pailletten gebastelt. 2012 nach langer Zeit wieder getan? Das Strickzeug rausgeholt. 2012 leider nicht getan? Ich habe meine Freundinnen und Freunde nicht besucht, habe mich ein wenig &hellip;<\/p>\n","protected":false},"author":1,"featured_media":0,"comment_status":"open","ping_status":"open","sticky":false,"template":"","format":"standard","meta":{"_jetpack_newsletter_access":"","_jetpack_dont_email_post_to_subs":false,"_jetpack_newsletter_tier_id":0,"_jetpack_memberships_contains_paywalled_content":false,"_jetpack_memberships_contains_paid_content":false,"footnotes":""},"categories":[114,94],"tags":[973,969],"class_list":["post-10813","post","type-post","status-publish","format-standard","hentry","category-plauderecke","category-stoeckchen","tag-plauderecke","tag-stoeckchen"],"jetpack_sharing_enabled":true,"jetpack_shortlink":"https:\/\/wp.me\/pq7aY-2Op","jetpack_likes_enabled":true,"jetpack-related-posts":[],"jetpack_featured_media_url":"","_links":{"self":[{"href":"https:\/\/terragina.de\/blog\/wp-json\/wp\/v2\/posts\/10813","targetHints":{"allow":["GET"]}}],"collection":[{"href":"https:\/\/terragina.de\/blog\/wp-json\/wp\/v2\/posts"}],"about":[{"href":"https:\/\/terragina.de\/blog\/wp-json\/wp\/v2\/types\/post"}],"author":[{"embeddable":true,"href":"https:\/\/terragina.de\/blog\/wp-json\/wp\/v2\/users\/1"}],"replies":[{"embeddable":true,"href":"https:\/\/terragina.de\/blog\/wp-json\/wp\/v2\/comments?post=10813"}],"version-history":[{"count":0,"href":"https:\/\/terragina.de\/blog\/wp-json\/wp\/v2\/posts\/10813\/revisions"}],"wp:attachment":[{"href":"https:\/\/terragina.de\/blog\/wp-json\/wp\/v2\/media?parent=10813"}],"wp:term":[{"taxonomy":"category","embeddable":true,"href":"https:\/\/terragina.de\/blog\/wp-json\/wp\/v2\/categories?post=10813"},{"taxonomy":"post_tag","embeddable":true,"href":"https:\/\/terragina.de\/blog\/wp-json\/wp\/v2\/tags?post=10813"}],"curies":[{"name":"wp","href":"https:\/\/api.w.org\/{rel}","templated":true}]}}