{"id":10855,"date":"2013-01-16T16:09:50","date_gmt":"2013-01-16T15:09:50","guid":{"rendered":"http:\/\/terragina.de\/blog\/?p=10855"},"modified":"2013-01-16T16:10:17","modified_gmt":"2013-01-16T15:10:17","slug":"winter-und-mehr","status":"publish","type":"post","link":"https:\/\/terragina.de\/blog\/2013\/01\/16\/winter-und-mehr\/","title":{"rendered":"Winter und mehr"},"content":{"rendered":"<p>Des einen Freud, des anderen Leid. Das war schon immer so. Und da ist es vollkommen egal, ob wir draussen 30\u00c2\u00b0C aufw\u00c3\u00a4rts haben oder &#8211; wie aktuell &#8211; Temperaturen um den Gefrierpunkt und Schneefall. Ich finde es sch\u00c3\u00b6n, auch, wenn ich morgens nicht gerne bei Neuschnee Auto fahre. Vor allem auf der Autobahn, wenn die dicken LKWs meinen, mich \u00c3\u00bcberholen zu m\u00c3\u00bcssen, f\u00c3\u00bchle ich mich unwohl. Aber ich bin gut und sicher auf dem noch sehr leeren Parkplatz angekommen, wenngleich ich 10 Minuten l\u00c3\u00a4nger unterwegs war.<\/p>\n<p><a title=\"Martins Fotoprojekt 52 Pics Of A Year\" href=\"http:\/\/terragina.de\/blog\/52-pics-of-a-year\/\" target=\"blank\"><img loading=\"lazy\" decoding=\"async\" src=\"http:\/\/terragina.de\/blog\/wp-content\/uploads\/2012\/09\/52_pics_of_a_year1.jpg\" width=\"100\" height=\"100\" alt=\"Martins Fotoprojekt\" style=\"float:left; margin-right:10px; margin-bottom:10px;\" \/><\/a>Da ich noch ein Bild zu Martins Projekt schuldig bin, habe ich mich entschlossen, dieses Foto bei Thema Nr. 22 &#8211; GANZ SCH\u00c3\u2013N DUNKEL &#8211; einzusortieren. Mein pers\u00c3\u00b6nliches Bild Nummero 17.<\/p>\n<p>Ich habe mich entschlossen, es diesmal ein wenig kleiner zu lassen, wegen der i*Phone Qualit\u00c3\u00a4t. ;) Eigentlich h\u00c3\u00a4tte dieses Foto am vergangenen Sonntag schon online sein m\u00c3\u00bcssen. Bin ich entschuldigt, wenn ich schreibe, dass ich im Lese- und Strickfieber bin und deswegen nicht fr\u00c3\u00bcher zum Bloggen kam?<\/p>\n<div style=\"text-align: center;\">\n  <img loading=\"lazy\" decoding=\"async\" src=\"http:\/\/terragina.de\/blog\/wp-content\/uploads\/2013\/01\/parkplatz.jpg\" width=\"442\" height=\"598\" alt=\"parkplatz.jpg\" \/>\n<\/div>\n<p><\/p>\n<p>Ich habe aber noch ein zweites Bild dabei, denn im Fitnessstudio habe ich einen neuen Kurs ausprobiert und bin vollends begeistert. Das Training mit dem <a href=\"http:\/\/lmgtfy.com\/?q=Flexi-Bar\" title=\"Was bitte ist ein Flexi-Bar?\">Flexi-Bar<\/a> hat mir erstmal ordentlich Muskelkater beschert, aber auch richtig viel Spa\u00c3\u0178 gemacht. Das werde ich jetzt auf jeden Fall \u00c3\u00b6fter machen und daf\u00c3\u00bcr auf das Zirkeltraining verzichten.<\/p>\n<p>Hat jemand von Euch schon Erfahrung mit dem Flexi-Bar machen k\u00c3\u00b6nnen? Dem Trainingsger\u00c3\u00a4t, welches pr\u00c3\u00a4destiniert ist bei R\u00c3\u00bccken- und Schulterproblemen, schon seit Jahren erfolgreich in der Physiotherapie eingesetzt wird und dabei noch ordentlich Kalorien verbrennt? Ich finde es gro\u00c3\u0178artig und spreche eine ganz klare Empfehlung aus. :yes1:<\/p>\n<p>Hier also gleich noch mein Beitrag zum Thema 45 des Projektes: SPORTLICH &#8211; somit ist auch Bild Nummer 18 online. :)<\/p>\n<div style=\"text-align: center;\">\n  <a href=\"http:\/\/terragina.de\/blog\/wp-content\/uploads\/2013\/01\/45_sportlich.jpg\" rel=\"lightbox[10855]\"><img loading=\"lazy\" decoding=\"async\" src=\"http:\/\/terragina.de\/blog\/wp-content\/uploads\/2013\/01\/45_sportlich-tm.jpg\" width=\"360\" height=\"270\" alt=\"45_sportlich.jpg\" \/><\/a>\n<\/div>\n<div style=\"text-align: center;\">\n  \n<\/div>\n<div style=\"text-align: center;\">\n  <em>~ Klick macht gro\u00c3\u0178 ~<\/em>\n<\/div>\n<div style=\"text-align: center;\">\n  <em><br \/><\/em>\n<\/div>\n","protected":false},"excerpt":{"rendered":"<p>Des einen Freud, des anderen Leid. Das war schon immer so. Und da ist es vollkommen egal, ob wir draussen 30\u00c2\u00b0C aufw\u00c3\u00a4rts haben oder &#8211; wie aktuell &#8211; Temperaturen um den Gefrierpunkt und Schneefall. Ich finde es sch\u00c3\u00b6n, auch, wenn ich morgens nicht gerne bei Neuschnee Auto fahre. Vor allem auf der Autobahn, wenn die dicken LKWs meinen, mich \u00c3\u00bcberholen zu m\u00c3\u00bcssen, f\u00c3\u00bchle ich mich unwohl. Aber ich bin gut und sicher auf dem noch sehr leeren Parkplatz angekommen, wenngleich ich 10 Minuten l\u00c3\u00a4nger unterwegs war. Da ich noch ein Bild zu Martins Projekt schuldig bin, habe ich mich entschlossen, dieses Foto bei Thema Nr. 22 &#8211; GANZ SCH\u00c3\u2013N DUNKEL &#8211; einzusortieren. Mein pers\u00c3\u00b6nliches Bild Nummero 17. Ich habe mich entschlossen, es diesmal ein wenig kleiner zu lassen, wegen der i*Phone Qualit\u00c3\u00a4t. ;) Eigentlich h\u00c3\u00a4tte dieses Foto am vergangenen Sonntag schon online sein m\u00c3\u00bcssen. Bin ich entschuldigt, wenn ich schreibe, dass ich im Lese- und Strickfieber bin und deswegen nicht fr\u00c3\u00bcher zum Bloggen kam? Ich habe aber noch ein zweites Bild dabei, denn im Fitnessstudio &hellip;<\/p>\n","protected":false},"author":1,"featured_media":0,"comment_status":"open","ping_status":"open","sticky":false,"template":"","format":"standard","meta":{"_jetpack_newsletter_access":"","_jetpack_dont_email_post_to_subs":false,"_jetpack_newsletter_tier_id":0,"_jetpack_memberships_contains_paywalled_content":false,"_jetpack_memberships_contains_paid_content":false,"footnotes":""},"categories":[2],"tags":[421,964,957,422],"class_list":["post-10855","post","type-post","status-publish","format-standard","hentry","category-foto","tag-fotoalbum","tag-fotografie","tag-foto","tag-fotos"],"jetpack_sharing_enabled":true,"jetpack_shortlink":"https:\/\/wp.me\/pq7aY-2P5","jetpack_likes_enabled":true,"jetpack-related-posts":[],"jetpack_featured_media_url":"","_links":{"self":[{"href":"https:\/\/terragina.de\/blog\/wp-json\/wp\/v2\/posts\/10855","targetHints":{"allow":["GET"]}}],"collection":[{"href":"https:\/\/terragina.de\/blog\/wp-json\/wp\/v2\/posts"}],"about":[{"href":"https:\/\/terragina.de\/blog\/wp-json\/wp\/v2\/types\/post"}],"author":[{"embeddable":true,"href":"https:\/\/terragina.de\/blog\/wp-json\/wp\/v2\/users\/1"}],"replies":[{"embeddable":true,"href":"https:\/\/terragina.de\/blog\/wp-json\/wp\/v2\/comments?post=10855"}],"version-history":[{"count":0,"href":"https:\/\/terragina.de\/blog\/wp-json\/wp\/v2\/posts\/10855\/revisions"}],"wp:attachment":[{"href":"https:\/\/terragina.de\/blog\/wp-json\/wp\/v2\/media?parent=10855"}],"wp:term":[{"taxonomy":"category","embeddable":true,"href":"https:\/\/terragina.de\/blog\/wp-json\/wp\/v2\/categories?post=10855"},{"taxonomy":"post_tag","embeddable":true,"href":"https:\/\/terragina.de\/blog\/wp-json\/wp\/v2\/tags?post=10855"}],"curies":[{"name":"wp","href":"https:\/\/api.w.org\/{rel}","templated":true}]}}