{"id":10915,"date":"2013-02-24T09:57:19","date_gmt":"2013-02-24T08:57:19","guid":{"rendered":"http:\/\/terragina.de\/blog\/?p=10915"},"modified":"2013-02-24T10:12:57","modified_gmt":"2013-02-24T09:12:57","slug":"meine-erste-boshi","status":"publish","type":"post","link":"https:\/\/terragina.de\/blog\/2013\/02\/24\/meine-erste-boshi\/","title":{"rendered":"Meine erste Boshi"},"content":{"rendered":"<p>Ja, ich bin blogfaul, das gebe ich auch gerne zu. :blush: Ich komme auch derzeit so gar nicht zum Blog-Lesen\u00e2\u20ac\u00a6 manchmal ist es eben &#8211; wieder oder immer noch &#8211; so. Ab und an schaue ich bei Euch vorbei, aber f\u00c3\u00bcr lange Kommentare fehlt mir irgendwie die Zeit. Warum hat der Tag keine 48 Stunden?<\/p>\n<p>Aber jetzt sitze ich hier, habe schon ein T\u00c3\u00a4sschen Cappuccino getrunken und zwei Becher Tee und st\u00c3\u00b6bere bei YouTube nach H\u00c3\u00a4kel-Videos. K\u00c3\u00b6nnt Ihr h\u00c3\u00a4keln? Ich habe das glaube ich mal in der Grundschule gelernt\u00e2\u20ac\u00a6 lang lang ist`s her. Schon immer habe ich lieber mit zwei Nadeln hantiert. *lol*<\/p>\n<p>Nun aber, wo der Winter sicher bald vorbei ist, hat mich das H\u00c3\u00a4kelfieber gepackt. Aber auch im Fr\u00c3\u00bchling wird es bestimmt noch ein paar kalte Tage geben, wo sich die Kids sicher \u00c3\u00bcber warme Ohren und K\u00c3\u00b6pfe freuen werden. Und so habe ich gek\u00c3\u00a4mpft und gef\u00c3\u00bchlte 20 x neu angefangen. Aber: Nachdem ich Freitag schon mein Gl\u00c3\u00bcck versucht habe, habe ich gestern nochmal neu gestartet und siehe da, meine allererste <a href=\"http:\/\/www.myboshi.net\" title=\"Boshi und mehr\">Boshi-M\u00c3\u00bctze<\/a> ist fertig geworden und ziert nun den Kopf des Tochterkinds:<\/p>\n<div style=\"text-align: center;\">\n  <img loading=\"lazy\" decoding=\"async\" src=\"http:\/\/terragina.de\/blog\/wp-content\/uploads\/2013\/02\/meine_erste_boshi.jpg\" width=\"580\" height=\"435\" alt=\"meine_erste_boshi.jpg\" \/>\n<\/div>\n<p><\/p>\n<p>Die Farben sind nicht so toll &#8211; ist auch nur ein Handyfoto. Eigentlich ist die M\u00c3\u00bctze creme-hellbraun-violett und gef\u00c3\u00a4llt mir ausgesprochen gut. Ich hatte wirklich Spa\u00c3\u0178 beim H\u00c3\u00a4keln und das Tollste: So eine M\u00c3\u00bctze ist mit ein wenig \u00c3\u0153bung wirklich schnell fertig gestellt. Die Auftragslage sieht so aus, dass der Sohnemann als n\u00c3\u00a4chstes ein Braun-Neonorangenes Exemplar m\u00c3\u00b6chte (daf\u00c3\u00bcr ist er gestern extra nochmal in die City gefahren) und auch f\u00c3\u00bcr mich wird es hoffentlich noch ein Modell geben, was ich noch ein paarmal in dieser Saison tragen kann.<\/p>\n<p>Habt Ihr den Boshi-Hype eigentlich mitbekommen? Bei Bayerns Schulkindern scheint der Trend ja nahezu unvermeidbar zu sein\u00e2\u20ac\u00a6. an mir ist das allerdings ist der Trend bislang vorbei gegangen. Ich bin ja auch Hessin und keine Bayerin. ;)<\/p>\n<p><em>Einen sch\u00c3\u00b6nen Sonntag w\u00c3\u00bcnsche ich Euch! Ich h\u00c3\u00a4kel dann mal Boshi Nr. 2 :<\/em>sing:<\/p>\n","protected":false},"excerpt":{"rendered":"<p>Ja, ich bin blogfaul, das gebe ich auch gerne zu. :blush: Ich komme auch derzeit so gar nicht zum Blog-Lesen\u00e2\u20ac\u00a6 manchmal ist es eben &#8211; wieder oder immer noch &#8211; so. Ab und an schaue ich bei Euch vorbei, aber f\u00c3\u00bcr lange Kommentare fehlt mir irgendwie die Zeit. Warum hat der Tag keine 48 Stunden? Aber jetzt sitze ich hier, habe schon ein T\u00c3\u00a4sschen Cappuccino getrunken und zwei Becher Tee und st\u00c3\u00b6bere bei YouTube nach H\u00c3\u00a4kel-Videos. K\u00c3\u00b6nnt Ihr h\u00c3\u00a4keln? Ich habe das glaube ich mal in der Grundschule gelernt\u00e2\u20ac\u00a6 lang lang ist`s her. Schon immer habe ich lieber mit zwei Nadeln hantiert. *lol* Nun aber, wo der Winter sicher bald vorbei ist, hat mich das H\u00c3\u00a4kelfieber gepackt. Aber auch im Fr\u00c3\u00bchling wird es bestimmt noch ein paar kalte Tage geben, wo sich die Kids sicher \u00c3\u00bcber warme Ohren und K\u00c3\u00b6pfe freuen werden. Und so habe ich gek\u00c3\u00a4mpft und gef\u00c3\u00bchlte 20 x neu angefangen. Aber: Nachdem ich Freitag schon mein Gl\u00c3\u00bcck versucht habe, habe ich gestern nochmal neu gestartet und siehe da, meine allererste Boshi-M\u00c3\u00bctze ist &hellip;<\/p>\n","protected":false},"author":1,"featured_media":0,"comment_status":"open","ping_status":"open","sticky":false,"template":"","format":"standard","meta":{"_jetpack_newsletter_access":"","_jetpack_dont_email_post_to_subs":false,"_jetpack_newsletter_tier_id":0,"_jetpack_memberships_contains_paywalled_content":false,"_jetpack_memberships_contains_paid_content":false,"footnotes":""},"categories":[47],"tags":[22],"class_list":["post-10915","post","type-post","status-publish","format-standard","hentry","category-kreativ","tag-kreatives"],"jetpack_sharing_enabled":true,"jetpack_shortlink":"https:\/\/wp.me\/pq7aY-2Q3","jetpack_likes_enabled":true,"jetpack-related-posts":[],"jetpack_featured_media_url":"","_links":{"self":[{"href":"https:\/\/terragina.de\/blog\/wp-json\/wp\/v2\/posts\/10915","targetHints":{"allow":["GET"]}}],"collection":[{"href":"https:\/\/terragina.de\/blog\/wp-json\/wp\/v2\/posts"}],"about":[{"href":"https:\/\/terragina.de\/blog\/wp-json\/wp\/v2\/types\/post"}],"author":[{"embeddable":true,"href":"https:\/\/terragina.de\/blog\/wp-json\/wp\/v2\/users\/1"}],"replies":[{"embeddable":true,"href":"https:\/\/terragina.de\/blog\/wp-json\/wp\/v2\/comments?post=10915"}],"version-history":[{"count":0,"href":"https:\/\/terragina.de\/blog\/wp-json\/wp\/v2\/posts\/10915\/revisions"}],"wp:attachment":[{"href":"https:\/\/terragina.de\/blog\/wp-json\/wp\/v2\/media?parent=10915"}],"wp:term":[{"taxonomy":"category","embeddable":true,"href":"https:\/\/terragina.de\/blog\/wp-json\/wp\/v2\/categories?post=10915"},{"taxonomy":"post_tag","embeddable":true,"href":"https:\/\/terragina.de\/blog\/wp-json\/wp\/v2\/tags?post=10915"}],"curies":[{"name":"wp","href":"https:\/\/api.w.org\/{rel}","templated":true}]}}