{"id":10922,"date":"2013-03-02T14:47:39","date_gmt":"2013-03-02T13:47:39","guid":{"rendered":"http:\/\/terragina.de\/blog\/?p=10922"},"modified":"2013-03-02T14:48:34","modified_gmt":"2013-03-02T13:48:34","slug":"erste-fruhlingsboten","status":"publish","type":"post","link":"https:\/\/terragina.de\/blog\/2013\/03\/02\/erste-fruhlingsboten\/","title":{"rendered":"Erste Fr\u00c3\u00bchlingsboten"},"content":{"rendered":"<p>Was f\u00c3\u00bcr ein wundersch\u00c3\u00b6ner Tag nach dem tristen Einheits-Grau der letzten Tage. Da habe ich mir doch gleich die Kamera geschnappt und die ersten Schneegl\u00c3\u00b6ckchen in Nachbars Garten geknipst. Mal schauen, wie lange ich dort noch fotografieren kann, denn wie wir erfahren haben, wird auf dem gro\u00c3\u0178en Grundst\u00c3\u00bcck bald gebaut werden. Sehr schade &#8211; aber wir sind uns schon lange dar\u00c3\u00bcber klar gewesen, dass das wohl fr\u00c3\u00bcher oder sp\u00c3\u00a4ter auf uns zukommen wird.<\/p>\n<p>Ob das nun also die letzten Schneegl\u00c3\u00b6ckchen im satten Gr\u00c3\u00bcn in n\u00c3\u00a4chster N\u00c3\u00a4he sein werden &#8211; wir wissen es nicht.<\/p>\n<p style=\"text-align: center;\"><img loading=\"lazy\" decoding=\"async\" src=\"http:\/\/terragina.de\/blog\/wp-content\/uploads\/2013\/03\/fruehlingsboten_01.jpg\" width=\"580\" height=\"435\" alt=\"fruehlingsboten_01.jpg\" \/><\/p>\n<div style=\"text-align: center;\">\n  \n<\/div>\n<div style=\"text-align: center;\">\n  <img loading=\"lazy\" decoding=\"async\" src=\"http:\/\/terragina.de\/blog\/wp-content\/uploads\/2013\/03\/fruehlingsboten_02.jpg\" width=\"580\" height=\"435\" alt=\"fruehlingsboten_02.jpg\" \/>\n<\/div>\n<p><\/p>\n<p>Und damit wir alle ein wenig l\u00c3\u00a4nger etwas von den h\u00c3\u00bcbschen Bl\u00c3\u00bcten haben, habe ich gleich meinen Blog ein wenig \u00e2\u20ac\u017efr\u00c3\u00bch-fr\u00c3\u00bchlings-m\u00c3\u00a4ssig\u00e2\u20ac\u009d angepasst.<\/p>\n<p>Ansonsten bin ich nach wie vor besch\u00c3\u00a4ftigt und habe mir noch ein wenig Lesestoff bez\u00c3\u00bcglich des H\u00c3\u00a4kelns besorgt. Ich habe vor, einige sch\u00c3\u00b6ne Dinge zu werkeln &#8211; mal sehen, was dabei heraus kommt. Wenn es Zeit ist, werde ich hier dar\u00c3\u00bcber berichten.<\/p>\n<p style=\"text-align: center;\"><em>Euch allen noch ein sch\u00c3\u00b6nes Wochenende. ;)<\/em><\/p>\n","protected":false},"excerpt":{"rendered":"<p>Was f\u00c3\u00bcr ein wundersch\u00c3\u00b6ner Tag nach dem tristen Einheits-Grau der letzten Tage. Da habe ich mir doch gleich die Kamera geschnappt und die ersten Schneegl\u00c3\u00b6ckchen in Nachbars Garten geknipst. Mal schauen, wie lange ich dort noch fotografieren kann, denn wie wir erfahren haben, wird auf dem gro\u00c3\u0178en Grundst\u00c3\u00bcck bald gebaut werden. Sehr schade &#8211; aber wir sind uns schon lange dar\u00c3\u00bcber klar gewesen, dass das wohl fr\u00c3\u00bcher oder sp\u00c3\u00a4ter auf uns zukommen wird. Ob das nun also die letzten Schneegl\u00c3\u00b6ckchen im satten Gr\u00c3\u00bcn in n\u00c3\u00a4chster N\u00c3\u00a4he sein werden &#8211; wir wissen es nicht. Und damit wir alle ein wenig l\u00c3\u00a4nger etwas von den h\u00c3\u00bcbschen Bl\u00c3\u00bcten haben, habe ich gleich meinen Blog ein wenig \u00e2\u20ac\u017efr\u00c3\u00bch-fr\u00c3\u00bchlings-m\u00c3\u00a4ssig\u00e2\u20ac\u009d angepasst. Ansonsten bin ich nach wie vor besch\u00c3\u00a4ftigt und habe mir noch ein wenig Lesestoff bez\u00c3\u00bcglich des H\u00c3\u00a4kelns besorgt. Ich habe vor, einige sch\u00c3\u00b6ne Dinge zu werkeln &#8211; mal sehen, was dabei heraus kommt. Wenn es Zeit ist, werde ich hier dar\u00c3\u00bcber berichten. Euch allen noch ein sch\u00c3\u00b6nes Wochenende. ;)<\/p>\n","protected":false},"author":1,"featured_media":0,"comment_status":"open","ping_status":"open","sticky":false,"template":"","format":"standard","meta":{"_jetpack_newsletter_access":"","_jetpack_dont_email_post_to_subs":false,"_jetpack_newsletter_tier_id":0,"_jetpack_memberships_contains_paywalled_content":false,"_jetpack_memberships_contains_paid_content":false,"footnotes":""},"categories":[2],"tags":[421,964,957,422],"class_list":["post-10922","post","type-post","status-publish","format-standard","hentry","category-foto","tag-fotoalbum","tag-fotografie","tag-foto","tag-fotos"],"jetpack_sharing_enabled":true,"jetpack_shortlink":"https:\/\/wp.me\/pq7aY-2Qa","jetpack_likes_enabled":true,"jetpack-related-posts":[],"jetpack_featured_media_url":"","_links":{"self":[{"href":"https:\/\/terragina.de\/blog\/wp-json\/wp\/v2\/posts\/10922","targetHints":{"allow":["GET"]}}],"collection":[{"href":"https:\/\/terragina.de\/blog\/wp-json\/wp\/v2\/posts"}],"about":[{"href":"https:\/\/terragina.de\/blog\/wp-json\/wp\/v2\/types\/post"}],"author":[{"embeddable":true,"href":"https:\/\/terragina.de\/blog\/wp-json\/wp\/v2\/users\/1"}],"replies":[{"embeddable":true,"href":"https:\/\/terragina.de\/blog\/wp-json\/wp\/v2\/comments?post=10922"}],"version-history":[{"count":0,"href":"https:\/\/terragina.de\/blog\/wp-json\/wp\/v2\/posts\/10922\/revisions"}],"wp:attachment":[{"href":"https:\/\/terragina.de\/blog\/wp-json\/wp\/v2\/media?parent=10922"}],"wp:term":[{"taxonomy":"category","embeddable":true,"href":"https:\/\/terragina.de\/blog\/wp-json\/wp\/v2\/categories?post=10922"},{"taxonomy":"post_tag","embeddable":true,"href":"https:\/\/terragina.de\/blog\/wp-json\/wp\/v2\/tags?post=10922"}],"curies":[{"name":"wp","href":"https:\/\/api.w.org\/{rel}","templated":true}]}}