{"id":10983,"date":"2013-04-12T17:02:50","date_gmt":"2013-04-12T15:02:50","guid":{"rendered":"http:\/\/terragina.de\/blog\/?p=10983"},"modified":"2013-04-12T19:24:38","modified_gmt":"2013-04-12T17:24:38","slug":"uberraschung-2","status":"publish","type":"post","link":"https:\/\/terragina.de\/blog\/2013\/04\/12\/uberraschung-2\/","title":{"rendered":"\u00c3\u0153berraschung"},"content":{"rendered":"<p>Bei uns ist nachmittags immer der DHL-Mann unterwegs und wird h\u00c3\u00a4ufig schon erwartet. Nicht so heute, denn aktuell hatte ich nichts bestellt. Als es dann vorhin trotzdem an der T\u00c3\u00bcr klingelte, dachte ich, dass er sicher die Nachbarn nicht angetroffen hat. Kommt ja ab und zu mal vor. Es soll ja auch noch andere Menschen geben, die gerne online ihre Eink\u00c3\u00a4ufe erledigen und sich die Sachen nach Hause schicken lassen. :yes:<\/p>\n<p>Ok\u00e2\u20ac\u00a6 auf diesem kleinen Paket stand nun aber mein Name. :sing: Der Absender, ein Verlagshaus in G\u00c3\u00bctersloh, war mir v\u00c3\u00b6llig unbekannt. Neugierig machte ich mich daran, das Paket zu \u00c3\u00b6ffnen. Ich staunte nicht schlecht und hab` mir ein Loch in den Bauch gefreut, als ich das hier in den H\u00c3\u00a4nden hielt:<\/p>\n<div style=\"text-align: center;\">\n  <img loading=\"lazy\" decoding=\"async\" src=\"http:\/\/terragina.de\/blog\/wp-content\/uploads\/2013\/04\/thomas_sixt_01.jpg\" width=\"580\" height=\"435\" alt=\"thomas_sixt_01.jpg\" \/>\n<\/div>\n<p>Hach, was freute ich mich, denn der Name <a href=\"http:\/\/thomassixt.de\" title=\"Thomas Sixt besuchen\">Thomas Sixt<\/a> ist mir sehr wohl bekannt &#8211; kommentierte der sympathische Koch doch schon ein paarmal hier auf meinem Blog. Und da f\u00c3\u00a4llt mir auch gleich die Frage vom 30. Dezember 2012 wieder ein, wann wir denn mein erstes iPad-Kochbuch aufnehmen\u00e2\u20ac\u00a6 hmmm, ich werde mal dr\u00c3\u00bcber nachdenken, der Gedanke gef\u00c3\u00a4llt mir auf jeden Fall. ;)<\/p>\n<div style=\"text-align: center;\">\n  <img loading=\"lazy\" decoding=\"async\" src=\"http:\/\/terragina.de\/blog\/wp-content\/uploads\/2013\/04\/thomas_sixt_02.jpg\" width=\"580\" height=\"435\" alt=\"thomas_sixt_02.jpg\" \/>\n<\/div>\n<p><em>Lieber Thomas,<\/em><\/p>\n<p><em>ich m\u00c3\u00b6chte mich an dieser Stelle ganz ganz herzlich f\u00c3\u00bcr diese brandneue Ausgabe Deines neuen Buches bedanken. Es ist toll und Du hast mir eine Riesen-Freude gemacht. Mir gef\u00c3\u00a4llt die Aufmachung ausgesprochen gut und auch die Verlinkung mit den QR-Codes ist etwas Besonders und einfach nur klasse &#8211; es ist toll, dir beim Kochen \u00e2\u20ac\u017e\u00c3\u00bcber die Schulter\u00e2\u20ac\u009d zu sehen.<\/em><\/p>\n<p><em>Ein ganz gro\u00c3\u0178es Dankesch\u00c3\u00b6n schicke ich zu Dir und werde sicher das ein oder andere Rezept aus dem Buch ausprobieren. F\u00c3\u00bcr den Anfang habe ich mir den z.B. den Heringssalat oder eines Deiner Risottos ausgeguckt. Oder vielleicht doch lieber das echte Wiener Schnitzel? Wenn es soweit ist, werde ich sicher dar\u00c3\u00bcber berichten.<\/em><\/p>\n<p><em>Vielen vielen herzlichen Dank! Vielleicht schaffe ich es ja irgendwann einmal, Dir live beim Kochen zuzusehen &#8211; ich w\u00c3\u00bcrde mich sehr freuen. Sei ganz herzlich gegr\u00c3\u00bc\u00c3\u0178t aus Frankfurt!<\/em><\/p>\n<p><\/p>\n<p style=\"text-align: center;\">Nala hat sich \u00c3\u00bcbrigens noch sehr \u00c3\u00bcber die Verpackung gefreut:<\/p>\n<div style=\"text-align: center;\">\n  \n<\/div>\n<div style=\"text-align: center;\">\n  <img loading=\"lazy\" decoding=\"async\" src=\"http:\/\/terragina.de\/blog\/wp-content\/uploads\/2013\/04\/nala_12042013_01.jpg\" width=\"580\" height=\"435\" alt=\"nala_12042013_01.jpg\" \/>\n<\/div>\n<div style=\"text-align: center;\">\n  \n<\/div>\n<div style=\"text-align: center;\">\n  <img loading=\"lazy\" decoding=\"async\" src=\"http:\/\/terragina.de\/blog\/wp-content\/uploads\/2013\/04\/nala_12042013_02.jpg\" width=\"580\" height=\"435\" alt=\"nala_12042013_02.jpg\" \/>\n<\/div>\n<div style=\"text-align: center;\">\n  \n<\/div>\n<p style=\"text-align: center;\">Das Wochenende ist nah und der Fr\u00c3\u00bchling kommt\u00e2\u20ac\u00a6 geniesst es!<\/p>\n<p style=\"text-align: center;\">Bei uns wird am Sonntag endlich die Grillsaison er\u00c3\u00b6ffnet. :yes1:<\/p>\n<p style=\"text-align: center;\"><\/p>\n","protected":false},"excerpt":{"rendered":"<p>Bei uns ist nachmittags immer der DHL-Mann unterwegs und wird h\u00c3\u00a4ufig schon erwartet. Nicht so heute, denn aktuell hatte ich nichts bestellt. Als es dann vorhin trotzdem an der T\u00c3\u00bcr klingelte, dachte ich, dass er sicher die Nachbarn nicht angetroffen hat. Kommt ja ab und zu mal vor. Es soll ja auch noch andere Menschen geben, die gerne online ihre Eink\u00c3\u00a4ufe erledigen und sich die Sachen nach Hause schicken lassen. :yes: Ok\u00e2\u20ac\u00a6 auf diesem kleinen Paket stand nun aber mein Name. :sing: Der Absender, ein Verlagshaus in G\u00c3\u00bctersloh, war mir v\u00c3\u00b6llig unbekannt. Neugierig machte ich mich daran, das Paket zu \u00c3\u00b6ffnen. Ich staunte nicht schlecht und hab` mir ein Loch in den Bauch gefreut, als ich das hier in den H\u00c3\u00a4nden hielt: Hach, was freute ich mich, denn der Name Thomas Sixt ist mir sehr wohl bekannt &#8211; kommentierte der sympathische Koch doch schon ein paarmal hier auf meinem Blog. Und da f\u00c3\u00a4llt mir auch gleich die Frage vom 30. Dezember 2012 wieder ein, wann wir denn mein erstes iPad-Kochbuch aufnehmen\u00e2\u20ac\u00a6 hmmm, ich werde mal &hellip;<\/p>\n","protected":false},"author":1,"featured_media":0,"comment_status":"open","ping_status":"open","sticky":false,"template":"","format":"standard","meta":{"_jetpack_newsletter_access":"","_jetpack_dont_email_post_to_subs":false,"_jetpack_newsletter_tier_id":0,"_jetpack_memberships_contains_paywalled_content":false,"_jetpack_memberships_contains_paid_content":false,"footnotes":""},"categories":[114,168],"tags":[48,973],"class_list":["post-10983","post","type-post","status-publish","format-standard","hentry","category-plauderecke","category-rund-ums-kochen","tag-buecher","tag-plauderecke"],"jetpack_sharing_enabled":true,"jetpack_shortlink":"https:\/\/wp.me\/pq7aY-2R9","jetpack_likes_enabled":true,"jetpack-related-posts":[],"jetpack_featured_media_url":"","_links":{"self":[{"href":"https:\/\/terragina.de\/blog\/wp-json\/wp\/v2\/posts\/10983","targetHints":{"allow":["GET"]}}],"collection":[{"href":"https:\/\/terragina.de\/blog\/wp-json\/wp\/v2\/posts"}],"about":[{"href":"https:\/\/terragina.de\/blog\/wp-json\/wp\/v2\/types\/post"}],"author":[{"embeddable":true,"href":"https:\/\/terragina.de\/blog\/wp-json\/wp\/v2\/users\/1"}],"replies":[{"embeddable":true,"href":"https:\/\/terragina.de\/blog\/wp-json\/wp\/v2\/comments?post=10983"}],"version-history":[{"count":0,"href":"https:\/\/terragina.de\/blog\/wp-json\/wp\/v2\/posts\/10983\/revisions"}],"wp:attachment":[{"href":"https:\/\/terragina.de\/blog\/wp-json\/wp\/v2\/media?parent=10983"}],"wp:term":[{"taxonomy":"category","embeddable":true,"href":"https:\/\/terragina.de\/blog\/wp-json\/wp\/v2\/categories?post=10983"},{"taxonomy":"post_tag","embeddable":true,"href":"https:\/\/terragina.de\/blog\/wp-json\/wp\/v2\/tags?post=10983"}],"curies":[{"name":"wp","href":"https:\/\/api.w.org\/{rel}","templated":true}]}}