{"id":11026,"date":"2013-05-18T16:32:36","date_gmt":"2013-05-18T14:32:36","guid":{"rendered":"http:\/\/terragina.de\/blog\/?p=11026"},"modified":"2013-05-31T08:13:17","modified_gmt":"2013-05-31T06:13:17","slug":"projekt-colourcode","status":"publish","type":"post","link":"https:\/\/terragina.de\/blog\/2013\/05\/18\/projekt-colourcode\/","title":{"rendered":"Projekt Colourcode"},"content":{"rendered":"<p><a href=\"http:\/\/vonollsabissl.blogspot.it\/2013\/02\/start-projekt-colourcode-01.html\"><img loading=\"lazy\" decoding=\"async\" src=\"http:\/\/terragina.de\/blog\/wp-content\/uploads\/2013\/05\/projekt_colourcode.jpg\" width=\"200\" height=\"113\" alt=\"projekt_colourcode.jpg\" style=\"float:left; margin-right:10px; margin-bottom:10px;\" \/><\/a>Ein sch\u00c3\u00b6nes Projekt, dieses \u00e2\u20ac\u017eProjekt Colourcode\u00e2\u20ac\u009d bei Siglinde von \u00e2\u20ac\u017eVon olle a bissl\u00e2\u20ac\u009d. Aufgrund meiner Blog-Faulheit bin ich erst am vergangenen Sonntag &#8211; Muttertag &#8211; auf diese sch\u00c3\u00b6ne, k\u00c3\u00bcnstlerisch angehauchte Idee aufmerksam geworden.<\/p>\n<p>Ich mag es ja sehr, mit meinem Grafikprogramm ein wenig herum zu spielen (habe ich lange nicht mehr getan, ich wei\u00c3\u0178) und das Fotografieren steht ja sowieso fast t\u00c3\u00a4glich auf dem Programm. Und da heute Samstag ist, ich daheim bin und die Eintracht gerade gegen die W\u00c3\u00b6lfe zu verlieren droht (w\u00c3\u00a4re ja auch zu sch\u00c3\u00b6n gewesen, wenn die Jungs im Europapokal mitmischen k\u00c3\u00b6nnten), habe ich mich an mein Macbook gesetzt und mal ein wenig herumgespielt. Fotografiert habe ich ein kleines Pfl\u00c3\u00a4nzchen, welches mehr oder weniger wild in unserem Mini-G\u00c3\u00a4rtchen herumwuchert und nun auch mal bl\u00c3\u00bcht. Erinnert mich sehr an eine Kirschbl\u00c3\u00bcte? (Ohje, die mit dem gr\u00c3\u00bcnen Daumen unter Euch, die sch\u00c3\u00bctteln jetzt bestimmt energisch mit dem Kopf\u00e2\u20ac\u00a6) Was auch immer es ist, mir gef\u00c3\u00a4llt`s. ;) <em>Klick macht gr\u00c3\u00b6sser\u00e2\u20ac\u00a6<\/em><\/p>\n<p><\/p>\n<div style=\"text-align: center;\">\n  <a href=\"http:\/\/terragina.de\/blog\/wp-content\/uploads\/2013\/05\/colourcode_01.jpg\" rel=\"lightbox[11026]\"><img loading=\"lazy\" decoding=\"async\" src=\"http:\/\/terragina.de\/blog\/wp-content\/uploads\/2013\/05\/colourcode_01-tm.jpg\" width=\"300\" height=\"400\" alt=\"Colourcode 01\" \/><\/a>\n<\/div>\n<p><\/p>\n<div style=\"text-align: left;\">\n  All meinen lieben Besucherinnen und Besuchern, die trotz meiner Blog-Unlust immer noch bei mir vorbei schauen (und nat\u00c3\u00bcrlich auch allen anderen), w\u00c3\u00bcnsche ich ein sch\u00c3\u00b6nes Pfingstfest und m\u00c3\u00b6chte einmal mehr D A N K E sagen. Ich freue mich riesig \u00c3\u00bcber jeden Kommentar &#8211; Ihr seid toll! :hearts:\n<\/div>\n<p><\/p>\n<div style=\"text-align: left;\">\n  <em>Und wer sich nun f\u00c3\u00bcr dieses Projekt bei Siglinde interessiert, klickt einfach oben auf den bunten Button, um alle weiteren Informationen zu bekommen.<\/em>\n<\/div>\n<p><\/p>\n","protected":false},"excerpt":{"rendered":"<p>Ein sch\u00c3\u00b6nes Projekt, dieses \u00e2\u20ac\u017eProjekt Colourcode\u00e2\u20ac\u009d bei Siglinde von \u00e2\u20ac\u017eVon olle a bissl\u00e2\u20ac\u009d. Aufgrund meiner Blog-Faulheit bin ich erst am vergangenen Sonntag &#8211; Muttertag &#8211; auf diese sch\u00c3\u00b6ne, k\u00c3\u00bcnstlerisch angehauchte Idee aufmerksam geworden. Ich mag es ja sehr, mit meinem Grafikprogramm ein wenig herum zu spielen (habe ich lange nicht mehr getan, ich wei\u00c3\u0178) und das Fotografieren steht ja sowieso fast t\u00c3\u00a4glich auf dem Programm. Und da heute Samstag ist, ich daheim bin und die Eintracht gerade gegen die W\u00c3\u00b6lfe zu verlieren droht (w\u00c3\u00a4re ja auch zu sch\u00c3\u00b6n gewesen, wenn die Jungs im Europapokal mitmischen k\u00c3\u00b6nnten), habe ich mich an mein Macbook gesetzt und mal ein wenig herumgespielt. Fotografiert habe ich ein kleines Pfl\u00c3\u00a4nzchen, welches mehr oder weniger wild in unserem Mini-G\u00c3\u00a4rtchen herumwuchert und nun auch mal bl\u00c3\u00bcht. Erinnert mich sehr an eine Kirschbl\u00c3\u00bcte? (Ohje, die mit dem gr\u00c3\u00bcnen Daumen unter Euch, die sch\u00c3\u00bctteln jetzt bestimmt energisch mit dem Kopf\u00e2\u20ac\u00a6) Was auch immer es ist, mir gef\u00c3\u00a4llt`s. ;) Klick macht gr\u00c3\u00b6sser\u00e2\u20ac\u00a6 All meinen lieben Besucherinnen und Besuchern, die trotz meiner Blog-Unlust immer noch bei mir &hellip;<\/p>\n","protected":false},"author":1,"featured_media":0,"comment_status":"open","ping_status":"open","sticky":false,"template":"","format":"standard","meta":{"_jetpack_newsletter_access":"","_jetpack_dont_email_post_to_subs":false,"_jetpack_newsletter_tier_id":0,"_jetpack_memberships_contains_paywalled_content":false,"_jetpack_memberships_contains_paid_content":false,"footnotes":""},"categories":[2,47],"tags":[957,22],"class_list":["post-11026","post","type-post","status-publish","format-standard","hentry","category-foto","category-kreativ","tag-foto","tag-kreatives"],"jetpack_sharing_enabled":true,"jetpack_shortlink":"https:\/\/wp.me\/pq7aY-2RQ","jetpack_likes_enabled":true,"jetpack-related-posts":[],"jetpack_featured_media_url":"","_links":{"self":[{"href":"https:\/\/terragina.de\/blog\/wp-json\/wp\/v2\/posts\/11026","targetHints":{"allow":["GET"]}}],"collection":[{"href":"https:\/\/terragina.de\/blog\/wp-json\/wp\/v2\/posts"}],"about":[{"href":"https:\/\/terragina.de\/blog\/wp-json\/wp\/v2\/types\/post"}],"author":[{"embeddable":true,"href":"https:\/\/terragina.de\/blog\/wp-json\/wp\/v2\/users\/1"}],"replies":[{"embeddable":true,"href":"https:\/\/terragina.de\/blog\/wp-json\/wp\/v2\/comments?post=11026"}],"version-history":[{"count":0,"href":"https:\/\/terragina.de\/blog\/wp-json\/wp\/v2\/posts\/11026\/revisions"}],"wp:attachment":[{"href":"https:\/\/terragina.de\/blog\/wp-json\/wp\/v2\/media?parent=11026"}],"wp:term":[{"taxonomy":"category","embeddable":true,"href":"https:\/\/terragina.de\/blog\/wp-json\/wp\/v2\/categories?post=11026"},{"taxonomy":"post_tag","embeddable":true,"href":"https:\/\/terragina.de\/blog\/wp-json\/wp\/v2\/tags?post=11026"}],"curies":[{"name":"wp","href":"https:\/\/api.w.org\/{rel}","templated":true}]}}