{"id":11049,"date":"2013-05-20T12:05:25","date_gmt":"2013-05-20T10:05:25","guid":{"rendered":"http:\/\/terragina.de\/blog\/?p=11049"},"modified":"2013-05-21T17:00:29","modified_gmt":"2013-05-21T15:00:29","slug":"fur-foto-fans-ipad-app-moldiv","status":"publish","type":"post","link":"https:\/\/terragina.de\/blog\/2013\/05\/20\/fur-foto-fans-ipad-app-moldiv\/","title":{"rendered":"F\u00c3\u00bcr Foto-Fans: iPad-App Moldiv"},"content":{"rendered":"<p><img loading=\"lazy\" decoding=\"async\" src=\"http:\/\/terragina.de\/blog\/wp-content\/uploads\/2013\/05\/moldiv.jpg\" width=\"120\" height=\"120\" alt=\"moldiv.jpg\" style=\"float:right; margin-bottom:10px; margin-left:10px;\" \/>Am Pfingstmontag m\u00c3\u00b6chte ich Euch eine tolle neue iPad-App vorstellen, die es derzeit(?) umsonst im App-Store gibt. Ich habe sie mir vorgestern installiert und Zeit gehabt, sie ein wenig auszutesten. Und ich mu\u00c3\u0178 sagen, einfacher k\u00c3\u00b6nnte das Collagen-Erstellen nicht sein.<\/p>\n<p>Wer von Euch also gerne Fotos knipst und diese dann mehr oder weniger kunstvoll arrangieren und kombinieren m\u00c3\u00b6chte, dem sei MOLDIV w\u00c3\u00a4rmstens ans Herz gelegt.<\/p>\n<p>Ruck-Zuck ist eine Collagenvorlage ausgew\u00c3\u00a4hlt, die Fotos zugef\u00c3\u00bcgt und mit Text, Effekten, Rahmen und\/oder Stickern aufgeh\u00c3\u00bcbscht. Dabei ist die Bedienung denkbar einfach. Sogar das Vertauschen von Fotos ist kinderleicht. Einziger Wermutstropfen: Weitere Hintergr\u00c3\u00bcnde, andere Sticker, noch mehr Texturen und Fotoeffekte, daf\u00c3\u00bcr mu\u00c3\u0178 man dann doch sein iTunes-Konto belasten.<\/p>\n<p>Ich f\u00c3\u00bcr meinen Teil habe mir das Collagen-Pack herunter geladen und auch das Background-Pack und ich denke, ich werde es nicht bereuen. Mal sehen, ob noch etwas nachkommt, da w\u00c3\u00a4re zum Beispiel noch \u00e2\u20ac\u017eVintage Effects-Pack&#8220; f\u00c3\u00bcr 89ct, das mich doch sehr reizen w\u00c3\u00bcrde&#8230;<\/p>\n<p>Die App l\u00c3\u00a4uft am sch\u00c3\u00b6nsten auf dem iPad, aufgrund der gro\u00c3\u0178en Fl\u00c3\u00a4che, aber auch auf dem iPhone lassen sich die Fotos prima bearbeiten.<\/p>\n<p>Wer mehr \u00c3\u00bcber das Foto-Tool erfahren m\u00c3\u00b6chte, schaut vielleicht mal <a href=\"http:\/\/www.iphone-news.org\/2013\/05\/13\/app-des-tages-moldiv-lasst-euch-schnell-und-einfach-collagen-fur-soziale-netzwerke-und-ahnliche-anwendungen-erstellen-48936\/\" title=\"App des Tages bei den iPhone-News\">hier<\/a> vorbei, dort ist auch ein Video zu finden.<\/p>\n<p>Zum Schlu\u00c3\u0178 hier noch ein kleines Collagen-Beispiel von mir &#8211; klick macht gro\u00c3\u0178:<\/p>\n<div style=\"text-align: center;\">\n  <a href=\"http:\/\/terragina.de\/blog\/wp-content\/uploads\/2013\/05\/nala_collage_20052013.jpg\" rel=\"lightbox[11049]\"><img loading=\"lazy\" decoding=\"async\" src=\"http:\/\/terragina.de\/blog\/wp-content\/uploads\/2013\/05\/nala_collage_20052013-tm.jpg\" width=\"300\" height=\"300\" alt=\"Nala in Action\" \/><\/a>\n<\/div>\n<p><\/p>\n<p><em>Und nun geniesst noch den sch\u00c3\u00b6nen freien Tag. Bald ist`s vorbei mit der Extra-Freizeit und wir m\u00c3\u00bcssen wieder bis Oktober durchhalten.<\/em><\/p>\n<p><em><br \/><\/em><\/p>\n","protected":false},"excerpt":{"rendered":"<p>Am Pfingstmontag m\u00c3\u00b6chte ich Euch eine tolle neue iPad-App vorstellen, die es derzeit(?) umsonst im App-Store gibt. Ich habe sie mir vorgestern installiert und Zeit gehabt, sie ein wenig auszutesten. Und ich mu\u00c3\u0178 sagen, einfacher k\u00c3\u00b6nnte das Collagen-Erstellen nicht sein. Wer von Euch also gerne Fotos knipst und diese dann mehr oder weniger kunstvoll arrangieren und kombinieren m\u00c3\u00b6chte, dem sei MOLDIV w\u00c3\u00a4rmstens ans Herz gelegt. Ruck-Zuck ist eine Collagenvorlage ausgew\u00c3\u00a4hlt, die Fotos zugef\u00c3\u00bcgt und mit Text, Effekten, Rahmen und\/oder Stickern aufgeh\u00c3\u00bcbscht. Dabei ist die Bedienung denkbar einfach. Sogar das Vertauschen von Fotos ist kinderleicht. Einziger Wermutstropfen: Weitere Hintergr\u00c3\u00bcnde, andere Sticker, noch mehr Texturen und Fotoeffekte, daf\u00c3\u00bcr mu\u00c3\u0178 man dann doch sein iTunes-Konto belasten. Ich f\u00c3\u00bcr meinen Teil habe mir das Collagen-Pack herunter geladen und auch das Background-Pack und ich denke, ich werde es nicht bereuen. Mal sehen, ob noch etwas nachkommt, da w\u00c3\u00a4re zum Beispiel noch \u00e2\u20ac\u017eVintage Effects-Pack&#8220; f\u00c3\u00bcr 89ct, das mich doch sehr reizen w\u00c3\u00bcrde&#8230; Die App l\u00c3\u00a4uft am sch\u00c3\u00b6nsten auf dem iPad, aufgrund der gro\u00c3\u0178en Fl\u00c3\u00a4che, aber auch auf dem iPhone lassen sich &hellip;<\/p>\n","protected":false},"author":1,"featured_media":0,"comment_status":"open","ping_status":"open","sticky":false,"template":"","format":"standard","meta":{"_jetpack_newsletter_access":"","_jetpack_dont_email_post_to_subs":false,"_jetpack_newsletter_tier_id":0,"_jetpack_memberships_contains_paywalled_content":false,"_jetpack_memberships_contains_paid_content":false,"footnotes":""},"categories":[104],"tags":[71],"class_list":["post-11049","post","type-post","status-publish","format-standard","hentry","category-iphone_ipad","tag-apple"],"jetpack_sharing_enabled":true,"jetpack_shortlink":"https:\/\/wp.me\/pq7aY-2Sd","jetpack_likes_enabled":true,"jetpack-related-posts":[],"jetpack_featured_media_url":"","_links":{"self":[{"href":"https:\/\/terragina.de\/blog\/wp-json\/wp\/v2\/posts\/11049","targetHints":{"allow":["GET"]}}],"collection":[{"href":"https:\/\/terragina.de\/blog\/wp-json\/wp\/v2\/posts"}],"about":[{"href":"https:\/\/terragina.de\/blog\/wp-json\/wp\/v2\/types\/post"}],"author":[{"embeddable":true,"href":"https:\/\/terragina.de\/blog\/wp-json\/wp\/v2\/users\/1"}],"replies":[{"embeddable":true,"href":"https:\/\/terragina.de\/blog\/wp-json\/wp\/v2\/comments?post=11049"}],"version-history":[{"count":0,"href":"https:\/\/terragina.de\/blog\/wp-json\/wp\/v2\/posts\/11049\/revisions"}],"wp:attachment":[{"href":"https:\/\/terragina.de\/blog\/wp-json\/wp\/v2\/media?parent=11049"}],"wp:term":[{"taxonomy":"category","embeddable":true,"href":"https:\/\/terragina.de\/blog\/wp-json\/wp\/v2\/categories?post=11049"},{"taxonomy":"post_tag","embeddable":true,"href":"https:\/\/terragina.de\/blog\/wp-json\/wp\/v2\/tags?post=11049"}],"curies":[{"name":"wp","href":"https:\/\/api.w.org\/{rel}","templated":true}]}}