{"id":11111,"date":"2013-06-15T10:52:22","date_gmt":"2013-06-15T08:52:22","guid":{"rendered":"http:\/\/terragina.de\/blog\/?p=11111"},"modified":"2013-06-15T10:52:36","modified_gmt":"2013-06-15T08:52:36","slug":"ein-paar-blumchen-zum-wochenende","status":"publish","type":"post","link":"https:\/\/terragina.de\/blog\/2013\/06\/15\/ein-paar-blumchen-zum-wochenende\/","title":{"rendered":"Ein paar Bl\u00c3\u00bcmchen zum Wochenende"},"content":{"rendered":"<p>Ein sch\u00c3\u00b6nes Wochenende liegt vor uns und eine hei\u00c3\u0178e Woche. Wir haben uns alle den Sommer herbei gew\u00c3\u00bcnscht &#8211; aber mu\u00c3\u0178 es gleich wieder soooo warm werden? Wenn ich an Dienstag denke, wird mir jetzt schon ganz anders. Aber: Das ist Sommer! Und wir wollten das so! Ich hoffe nur, dass mein Kreislauf da auch mitspielt\u00e2\u20ac\u00a6<\/p>\n<p>Zum Wochenende habe ich drei Fotos f\u00c3\u00bcr Euch. Von unserer sch\u00c3\u00b6nen Rose, die wir erst k\u00c3\u00bcrzlich wieder mit \u00e2\u20ac\u017eAnti-Mehltau\u00e2\u20ac\u009d bespr\u00c3\u00bchen mussten. Und vom Klatschmohn in Nachbars Garten. Wird wohl das letzte (und einzige) Jahr sein, in dem ich derartige Fotos machen kann &#8211; soll doch auf dem Grundst\u00c3\u00bcck ein Reihenhaus mit drei Parteien gebaut werden. Aber noch sind diese H\u00c3\u00a4user nicht verkauft (sind ja auch viel zu teuer) und die Sache wird sich wohl noch ein wenig hinziehen. Der Nachbar, der sich derzeit um den Garten k\u00c3\u00bcmmert, sieht es jetzt nicht mehr ein, zu m\u00c3\u00a4hen und so kommen wir in den Genuss einer richtig wilden Wiese. Ich mag das!<\/p>\n<p>Euch allen w\u00c3\u00bcnsche ich ein sch\u00c3\u00b6nes Wochenende und hoffe, Ihr habt was Sch\u00c3\u00b6nes vor. Ich werde mich heute mit lieben Dampfern treffen und morgen wird wieder gegrillt. Gebacken wird derzeit nicht so viel, denn Frau Terragina m\u00c3\u00b6chte gerne ein paar Kilo los werden. Mal wieder. Und wenn jemand von Euch noch Rezepte f\u00c3\u00bcr einen sch\u00c3\u00b6nen, sommerlich-leichten Salat hat, lasst es mich bitte wissen. ;)<\/p>\n<p><\/p>\n<div style=\"text-align: center;\">\n  <img loading=\"lazy\" decoding=\"async\" src=\"http:\/\/terragina.de\/blog\/wp-content\/uploads\/2013\/06\/mohnbluete.jpg\" width=\"580\" height=\"435\" alt=\"mohnbluete.jpg\" \/>\n<\/div>\n<div style=\"text-align: center;\">\n  \n<\/div>\n<div style=\"text-align: center;\">\n  <img loading=\"lazy\" decoding=\"async\" src=\"http:\/\/terragina.de\/blog\/wp-content\/uploads\/2013\/06\/rose_01.jpg\" width=\"580\" height=\"435\" alt=\"rose_01.jpg\" \/>\n<\/div>\n<div style=\"text-align: center;\">\n  \n<\/div>\n<div style=\"text-align: center;\">\n  <img loading=\"lazy\" decoding=\"async\" src=\"http:\/\/terragina.de\/blog\/wp-content\/uploads\/2013\/06\/rose_02.jpg\" width=\"580\" height=\"435\" alt=\"rose_02.jpg\" \/>\n<\/div>\n<p>Die Rose bleibt nat\u00c3\u00bcrlich &#8211; steht sie doch auf unserem Grund. :)<\/p>\n<p><\/p>\n","protected":false},"excerpt":{"rendered":"<p>Ein sch\u00c3\u00b6nes Wochenende liegt vor uns und eine hei\u00c3\u0178e Woche. Wir haben uns alle den Sommer herbei gew\u00c3\u00bcnscht &#8211; aber mu\u00c3\u0178 es gleich wieder soooo warm werden? Wenn ich an Dienstag denke, wird mir jetzt schon ganz anders. Aber: Das ist Sommer! Und wir wollten das so! Ich hoffe nur, dass mein Kreislauf da auch mitspielt\u00e2\u20ac\u00a6 Zum Wochenende habe ich drei Fotos f\u00c3\u00bcr Euch. Von unserer sch\u00c3\u00b6nen Rose, die wir erst k\u00c3\u00bcrzlich wieder mit \u00e2\u20ac\u017eAnti-Mehltau\u00e2\u20ac\u009d bespr\u00c3\u00bchen mussten. Und vom Klatschmohn in Nachbars Garten. Wird wohl das letzte (und einzige) Jahr sein, in dem ich derartige Fotos machen kann &#8211; soll doch auf dem Grundst\u00c3\u00bcck ein Reihenhaus mit drei Parteien gebaut werden. Aber noch sind diese H\u00c3\u00a4user nicht verkauft (sind ja auch viel zu teuer) und die Sache wird sich wohl noch ein wenig hinziehen. Der Nachbar, der sich derzeit um den Garten k\u00c3\u00bcmmert, sieht es jetzt nicht mehr ein, zu m\u00c3\u00a4hen und so kommen wir in den Genuss einer richtig wilden Wiese. Ich mag das! Euch allen w\u00c3\u00bcnsche ich ein sch\u00c3\u00b6nes Wochenende und hoffe, Ihr &hellip;<\/p>\n","protected":false},"author":1,"featured_media":0,"comment_status":"open","ping_status":"open","sticky":false,"template":"","format":"standard","meta":{"_jetpack_newsletter_access":"","_jetpack_dont_email_post_to_subs":false,"_jetpack_newsletter_tier_id":0,"_jetpack_memberships_contains_paywalled_content":false,"_jetpack_memberships_contains_paid_content":false,"footnotes":""},"categories":[2],"tags":[421,964,957,422],"class_list":["post-11111","post","type-post","status-publish","format-standard","hentry","category-foto","tag-fotoalbum","tag-fotografie","tag-foto","tag-fotos"],"jetpack_sharing_enabled":true,"jetpack_shortlink":"https:\/\/wp.me\/pq7aY-2Td","jetpack_likes_enabled":true,"jetpack-related-posts":[],"jetpack_featured_media_url":"","_links":{"self":[{"href":"https:\/\/terragina.de\/blog\/wp-json\/wp\/v2\/posts\/11111","targetHints":{"allow":["GET"]}}],"collection":[{"href":"https:\/\/terragina.de\/blog\/wp-json\/wp\/v2\/posts"}],"about":[{"href":"https:\/\/terragina.de\/blog\/wp-json\/wp\/v2\/types\/post"}],"author":[{"embeddable":true,"href":"https:\/\/terragina.de\/blog\/wp-json\/wp\/v2\/users\/1"}],"replies":[{"embeddable":true,"href":"https:\/\/terragina.de\/blog\/wp-json\/wp\/v2\/comments?post=11111"}],"version-history":[{"count":0,"href":"https:\/\/terragina.de\/blog\/wp-json\/wp\/v2\/posts\/11111\/revisions"}],"wp:attachment":[{"href":"https:\/\/terragina.de\/blog\/wp-json\/wp\/v2\/media?parent=11111"}],"wp:term":[{"taxonomy":"category","embeddable":true,"href":"https:\/\/terragina.de\/blog\/wp-json\/wp\/v2\/categories?post=11111"},{"taxonomy":"post_tag","embeddable":true,"href":"https:\/\/terragina.de\/blog\/wp-json\/wp\/v2\/tags?post=11111"}],"curies":[{"name":"wp","href":"https:\/\/api.w.org\/{rel}","templated":true}]}}