{"id":11141,"date":"2013-07-01T20:20:28","date_gmt":"2013-07-01T18:20:28","guid":{"rendered":"http:\/\/terragina.de\/blog\/?p=11141"},"modified":"2013-07-01T20:20:28","modified_gmt":"2013-07-01T18:20:28","slug":"projekt-colourcode-04","status":"publish","type":"post","link":"https:\/\/terragina.de\/blog\/2013\/07\/01\/projekt-colourcode-04\/","title":{"rendered":"Projekt Colourcode 04"},"content":{"rendered":"<p><a href=\"http:\/\/vonollsabissl.blogspot.it\/2013\/02\/start-projekt-colourcode-01.html\"><img loading=\"lazy\" decoding=\"async\" src=\"http:\/\/terragina.de\/blog\/wp-content\/uploads\/2013\/05\/projekt_colourcode.jpg\" width=\"200\" height=\"113\" alt=\"projekt_colourcode.jpg\" style=\"float:left; margin-right:10px; margin-bottom:10px;\" \/><\/a>Mir rennt die Zeit davon\u00e2\u20ac\u00a6 :blush:<\/p>\n<p>Das kennt Ihr doch sicher auch, dass man sich so viele Dinge vornimmt und nur zu einem Bruchteil davon kommt? Schon seit Tagen (oder sind`s schon Wochen?) wollte Ich ein neues Colourcode-Foto auf meinem Blog zeigen. Irgendwie wurde das aber nichts. Bis zum heutigen Tag. Denn die Endless Summer-Hortensie ist einfach viel zu sch\u00c3\u00b6n, um sie nicht zu zeigen.<\/p>\n<p>Mit der Kamera bewaffnet habe ich eine Mini-Tour durch den Garten gemacht und ein Foto davon zeige ich Euch hier\u00e2\u20ac\u00a6 <em>klick macht gr\u00c3\u00b6sser\u00e2\u20ac\u00a6<\/em><\/p>\n<p><em><br \/><\/em><\/p>\n<div style=\"text-align: center;\">\n  <em><\/em><em><a href=\"http:\/\/terragina.de\/blog\/wp-content\/uploads\/2013\/07\/colourcode_04.jpg\" rel=\"lightbox[11141]\"><img loading=\"lazy\" decoding=\"async\" src=\"http:\/\/terragina.de\/blog\/wp-content\/uploads\/2013\/07\/colourcode_04-tm.jpg\" width=\"300\" height=\"225\" alt=\"colourcode_04.jpg\" \/><\/a><\/em>\n<\/div>\n<p><\/p>\n<p>Ein anderes Foto habe ich mir f\u00c3\u00bcr mein neues Blogkleidchen ausgesucht &#8211; den Roten Mauerpfeffer, der nach 3-5 Jahren (ich wei\u00c3\u0178 es ehrlich gesagt nicht genau), erstmalig bl\u00c3\u00bcht. Ganz klein ist er, der Bodendecker. Und wirklich sch\u00c3\u00b6n und besonders. Ich freue mich jeden Tag an den kleinen Knospen. :) Ich hoffe, er gef\u00c3\u00a4llt Euch genauso gut wie mir?<\/p>\n<p>All meinen lieben Besucherinnen und Besuchern w\u00c3\u00bcnsche ich eine sch\u00c3\u00b6ne, entspannte Woche &#8211; geniesst das sch\u00c3\u00b6ne Wetter. :yes1:<\/p>\n","protected":false},"excerpt":{"rendered":"<p>Mir rennt die Zeit davon\u00e2\u20ac\u00a6 :blush: Das kennt Ihr doch sicher auch, dass man sich so viele Dinge vornimmt und nur zu einem Bruchteil davon kommt? Schon seit Tagen (oder sind`s schon Wochen?) wollte Ich ein neues Colourcode-Foto auf meinem Blog zeigen. Irgendwie wurde das aber nichts. Bis zum heutigen Tag. Denn die Endless Summer-Hortensie ist einfach viel zu sch\u00c3\u00b6n, um sie nicht zu zeigen. Mit der Kamera bewaffnet habe ich eine Mini-Tour durch den Garten gemacht und ein Foto davon zeige ich Euch hier\u00e2\u20ac\u00a6 klick macht gr\u00c3\u00b6sser\u00e2\u20ac\u00a6 Ein anderes Foto habe ich mir f\u00c3\u00bcr mein neues Blogkleidchen ausgesucht &#8211; den Roten Mauerpfeffer, der nach 3-5 Jahren (ich wei\u00c3\u0178 es ehrlich gesagt nicht genau), erstmalig bl\u00c3\u00bcht. Ganz klein ist er, der Bodendecker. Und wirklich sch\u00c3\u00b6n und besonders. Ich freue mich jeden Tag an den kleinen Knospen. :) Ich hoffe, er gef\u00c3\u00a4llt Euch genauso gut wie mir? All meinen lieben Besucherinnen und Besuchern w\u00c3\u00bcnsche ich eine sch\u00c3\u00b6ne, entspannte Woche &#8211; geniesst das sch\u00c3\u00b6ne Wetter. :yes1:<\/p>\n","protected":false},"author":1,"featured_media":0,"comment_status":"open","ping_status":"open","sticky":false,"template":"","format":"standard","meta":{"_jetpack_newsletter_access":"","_jetpack_dont_email_post_to_subs":false,"_jetpack_newsletter_tier_id":0,"_jetpack_memberships_contains_paywalled_content":false,"_jetpack_memberships_contains_paid_content":false,"footnotes":""},"categories":[2],"tags":[421,964,957,422],"class_list":["post-11141","post","type-post","status-publish","format-standard","hentry","category-foto","tag-fotoalbum","tag-fotografie","tag-foto","tag-fotos"],"jetpack_sharing_enabled":true,"jetpack_shortlink":"https:\/\/wp.me\/pq7aY-2TH","jetpack_likes_enabled":true,"jetpack-related-posts":[],"jetpack_featured_media_url":"","_links":{"self":[{"href":"https:\/\/terragina.de\/blog\/wp-json\/wp\/v2\/posts\/11141","targetHints":{"allow":["GET"]}}],"collection":[{"href":"https:\/\/terragina.de\/blog\/wp-json\/wp\/v2\/posts"}],"about":[{"href":"https:\/\/terragina.de\/blog\/wp-json\/wp\/v2\/types\/post"}],"author":[{"embeddable":true,"href":"https:\/\/terragina.de\/blog\/wp-json\/wp\/v2\/users\/1"}],"replies":[{"embeddable":true,"href":"https:\/\/terragina.de\/blog\/wp-json\/wp\/v2\/comments?post=11141"}],"version-history":[{"count":0,"href":"https:\/\/terragina.de\/blog\/wp-json\/wp\/v2\/posts\/11141\/revisions"}],"wp:attachment":[{"href":"https:\/\/terragina.de\/blog\/wp-json\/wp\/v2\/media?parent=11141"}],"wp:term":[{"taxonomy":"category","embeddable":true,"href":"https:\/\/terragina.de\/blog\/wp-json\/wp\/v2\/categories?post=11141"},{"taxonomy":"post_tag","embeddable":true,"href":"https:\/\/terragina.de\/blog\/wp-json\/wp\/v2\/tags?post=11141"}],"curies":[{"name":"wp","href":"https:\/\/api.w.org\/{rel}","templated":true}]}}