{"id":11159,"date":"2013-07-11T08:36:32","date_gmt":"2013-07-11T06:36:32","guid":{"rendered":"http:\/\/terragina.de\/blog\/?p=11159"},"modified":"2013-07-11T09:33:33","modified_gmt":"2013-07-11T07:33:33","slug":"auszeit-am-chiemsee","status":"publish","type":"post","link":"https:\/\/terragina.de\/blog\/2013\/07\/11\/auszeit-am-chiemsee\/","title":{"rendered":"Auszeit am Chiemsee"},"content":{"rendered":"<p>Es war ein paar Tage still auf meinem Blog &#8211; wir haben ein paar sch\u00c3\u00b6ne Tage am wundersch\u00c3\u00b6nen Chiemsee verbracht bei bestem Wetter. So sollen Urlaubstage sein. Desweiteren gab es am vergangenen Samstag &#8211; ebenfalls am Chiemsee &#8211; ein gro\u00c3\u0178es Familienfest zu feiern. Wieder werden einige mit den Augen rollen, wenn sie \u00e2\u20ac\u017eFamilienfest\u00e2\u20ac\u009d lesen &#8211; aber ich kann nur sagen, es war ein wundersch\u00c3\u00b6nes Fest, wo einfach alles gestimmt hat. Nein, nicht ganz &#8211; die wahnsinnig vielen M\u00c3\u00bccken, auf die h\u00c3\u00a4tte ich gut und gerne verzichten k\u00c3\u00b6nnen. Reagiere ich doch leider auf den ein oder anderen Stich allergisch. :( Highlights des Tages waren der Auftritt von diesen beiden symphatischen Menschen <a href=\"http:\/\/www.thommyten.com\" title=\"Thommy &amp; Amelie besuchen\">hier<\/a> und ein atemberaubendes Musikfeuerwerk um Mitternacht. Hach, davon werde ich noch in vielen Jahren schw\u00c3\u00a4rmen. Vielen Dank nochmal an dieser Stelle f\u00c3\u00bcr diese gro\u00c3\u0178artige Feier &#8211; es h\u00c3\u00a4tte nicht sch\u00c3\u00b6ner sein k\u00c3\u00b6nnen. :hearts:<\/p>\n<p>Ein kleine Auswahl unserer Eindr\u00c3\u00bccke vom Chiemsee habe ich f\u00c3\u00bcr Euch mitgebracht:<\/p>\n<p>Die ersten beiden Bilder habe ich in Seebruck gemacht, der Rest ist auf der Fraueninsel im Chiemsee entstanden. Ein h\u00c3\u00bcbsches kleines Inselchen, von seinen Bewohnern liebevoll gestaltet. Hier und da ein wenig Kunst. Uns hat es supergut gefallen. Ich wei\u00c3\u0178 gar nicht mehr, wie lange es gedauert hat, die Insel zu \u00e2\u20ac\u017eumwandern\u00e2\u20ac\u009d, aber es waren mit viel Knipserei ca. 1 1\/2 Stunden.<\/p>\n<p><\/p>\n<div style=\"text-align: center;\">\n  <a href=\"http:\/\/terragina.de\/blog\/wp-content\/uploads\/2013\/07\/seebruck.jpg\" rel=\"lightbox[11159]\"><img loading=\"lazy\" decoding=\"async\" src=\"http:\/\/terragina.de\/blog\/wp-content\/uploads\/2013\/07\/seebruck-tm.jpg\" width=\"250\" height=\"187\" alt=\"seebruck.jpg\" \/><\/a>\n<\/div>\n<div style=\"text-align: center;\">\n  \n<\/div>\n<div style=\"text-align: center;\">\n  <a href=\"http:\/\/terragina.de\/blog\/wp-content\/uploads\/2013\/07\/rathaus_seebruck.jpg\" rel=\"lightbox[11159]\"><img loading=\"lazy\" decoding=\"async\" src=\"http:\/\/terragina.de\/blog\/wp-content\/uploads\/2013\/07\/rathaus_seebruck-tm.jpg\" width=\"250\" height=\"187\" alt=\"rathaus_seebruck.jpg\" \/><\/a>\n<\/div>\n<div style=\"text-align: center;\">\n  \n<\/div>\n<div style=\"text-align: center;\">\n  <a href=\"http:\/\/terragina.de\/blog\/wp-content\/uploads\/2013\/07\/fraueninsel_chiemsee_01.jpg\" rel=\"lightbox[11159]\"><img loading=\"lazy\" decoding=\"async\" src=\"http:\/\/terragina.de\/blog\/wp-content\/uploads\/2013\/07\/fraueninsel_chiemsee_01-tm.jpg\" width=\"250\" height=\"187\" alt=\"fraueninsel_chiemsee_01.jpg\" \/><\/a>\n<\/div>\n<div style=\"text-align: center;\">\n  \n<\/div>\n<div style=\"text-align: center;\">\n  <a href=\"http:\/\/terragina.de\/blog\/wp-content\/uploads\/2013\/07\/fraueninsel_chiemsee_02.jpg\" rel=\"lightbox[11159]\"><img loading=\"lazy\" decoding=\"async\" src=\"http:\/\/terragina.de\/blog\/wp-content\/uploads\/2013\/07\/fraueninsel_chiemsee_02-tm.jpg\" width=\"250\" height=\"187\" alt=\"fraueninsel_chiemsee_02.jpg\" \/><\/a>\n<\/div>\n<div style=\"text-align: center;\">\n  \n<\/div>\n<div style=\"text-align: center;\">\n  <a href=\"http:\/\/terragina.de\/blog\/wp-content\/uploads\/2013\/07\/fraueninsel_chiemsee_03.jpg\" rel=\"lightbox[11159]\"><img loading=\"lazy\" decoding=\"async\" src=\"http:\/\/terragina.de\/blog\/wp-content\/uploads\/2013\/07\/fraueninsel_chiemsee_03-tm.jpg\" width=\"250\" height=\"187\" alt=\"fraueninsel_chiemsee_03.jpg\" \/><\/a>\n<\/div>\n<div style=\"text-align: center;\">\n  \n<\/div>\n<div style=\"text-align: center;\">\n  <a href=\"http:\/\/terragina.de\/blog\/wp-content\/uploads\/2013\/07\/fraueninsel_chiemsee_04.jpg\" rel=\"lightbox[11159]\"><img loading=\"lazy\" decoding=\"async\" src=\"http:\/\/terragina.de\/blog\/wp-content\/uploads\/2013\/07\/fraueninsel_chiemsee_04-tm.jpg\" width=\"250\" height=\"187\" alt=\"fraueninsel_chiemsee_04.jpg\" \/><\/a>\n<\/div>\n<div style=\"text-align: center;\">\n  \n<\/div>\n<div style=\"text-align: center;\">\n  <a href=\"http:\/\/terragina.de\/blog\/wp-content\/uploads\/2013\/07\/fraueninsel_chiemsee_05.jpg\" rel=\"lightbox[11159]\"><img loading=\"lazy\" decoding=\"async\" src=\"http:\/\/terragina.de\/blog\/wp-content\/uploads\/2013\/07\/fraueninsel_chiemsee_05-tm.jpg\" width=\"250\" height=\"187\" alt=\"fraueninsel_chiemsee_05.jpg\" \/><\/a>\n<\/div>\n<div style=\"text-align: center;\">\n  \n<\/div>\n<div style=\"text-align: center;\">\n  <a href=\"http:\/\/terragina.de\/blog\/wp-content\/uploads\/2013\/07\/fraueninsel_chiemsee_06.jpg\" rel=\"lightbox[11159]\"><img loading=\"lazy\" decoding=\"async\" src=\"http:\/\/terragina.de\/blog\/wp-content\/uploads\/2013\/07\/fraueninsel_chiemsee_06-tm.jpg\" width=\"250\" height=\"187\" alt=\"fraueninsel_chiemsee_06.jpg\" \/><\/a>\n<\/div>\n<div style=\"text-align: center;\">\n  \n<\/div>\n<p>Wer mich kennt, wei\u00c3\u0178, dass ich noch einige Bilder mehr gemacht habe (wobei es diesmal wirklich gar nicht so viele waren). Die sch\u00c3\u00b6nsten habe ich Euch hier gezeigt. Mal schauen, ob ich morgen oder die n\u00c3\u00a4chsten Tage Lust habe, Euch noch nach Salzburg zu entf\u00c3\u00bchren. ;) Erstmal geniesse ich noch ein wenig meinen Urlaub. :yes:<\/p>\n","protected":false},"excerpt":{"rendered":"<p>Es war ein paar Tage still auf meinem Blog &#8211; wir haben ein paar sch\u00c3\u00b6ne Tage am wundersch\u00c3\u00b6nen Chiemsee verbracht bei bestem Wetter. So sollen Urlaubstage sein. Desweiteren gab es am vergangenen Samstag &#8211; ebenfalls am Chiemsee &#8211; ein gro\u00c3\u0178es Familienfest zu feiern. Wieder werden einige mit den Augen rollen, wenn sie \u00e2\u20ac\u017eFamilienfest\u00e2\u20ac\u009d lesen &#8211; aber ich kann nur sagen, es war ein wundersch\u00c3\u00b6nes Fest, wo einfach alles gestimmt hat. Nein, nicht ganz &#8211; die wahnsinnig vielen M\u00c3\u00bccken, auf die h\u00c3\u00a4tte ich gut und gerne verzichten k\u00c3\u00b6nnen. Reagiere ich doch leider auf den ein oder anderen Stich allergisch. :( Highlights des Tages waren der Auftritt von diesen beiden symphatischen Menschen hier und ein atemberaubendes Musikfeuerwerk um Mitternacht. Hach, davon werde ich noch in vielen Jahren schw\u00c3\u00a4rmen. Vielen Dank nochmal an dieser Stelle f\u00c3\u00bcr diese gro\u00c3\u0178artige Feier &#8211; es h\u00c3\u00a4tte nicht sch\u00c3\u00b6ner sein k\u00c3\u00b6nnen. :hearts: Ein kleine Auswahl unserer Eindr\u00c3\u00bccke vom Chiemsee habe ich f\u00c3\u00bcr Euch mitgebracht: Die ersten beiden Bilder habe ich in Seebruck gemacht, der Rest ist auf der Fraueninsel im Chiemsee entstanden. Ein &hellip;<\/p>\n","protected":false},"author":1,"featured_media":0,"comment_status":"open","ping_status":"open","sticky":false,"template":"","format":"standard","meta":{"_jetpack_newsletter_access":"","_jetpack_dont_email_post_to_subs":false,"_jetpack_newsletter_tier_id":0,"_jetpack_memberships_contains_paywalled_content":false,"_jetpack_memberships_contains_paid_content":false,"footnotes":""},"categories":[114],"tags":[421,964,422,973],"class_list":["post-11159","post","type-post","status-publish","format-standard","hentry","category-plauderecke","tag-fotoalbum","tag-fotografie","tag-fotos","tag-plauderecke"],"jetpack_sharing_enabled":true,"jetpack_shortlink":"https:\/\/wp.me\/pq7aY-2TZ","jetpack_likes_enabled":true,"jetpack-related-posts":[],"jetpack_featured_media_url":"","_links":{"self":[{"href":"https:\/\/terragina.de\/blog\/wp-json\/wp\/v2\/posts\/11159","targetHints":{"allow":["GET"]}}],"collection":[{"href":"https:\/\/terragina.de\/blog\/wp-json\/wp\/v2\/posts"}],"about":[{"href":"https:\/\/terragina.de\/blog\/wp-json\/wp\/v2\/types\/post"}],"author":[{"embeddable":true,"href":"https:\/\/terragina.de\/blog\/wp-json\/wp\/v2\/users\/1"}],"replies":[{"embeddable":true,"href":"https:\/\/terragina.de\/blog\/wp-json\/wp\/v2\/comments?post=11159"}],"version-history":[{"count":0,"href":"https:\/\/terragina.de\/blog\/wp-json\/wp\/v2\/posts\/11159\/revisions"}],"wp:attachment":[{"href":"https:\/\/terragina.de\/blog\/wp-json\/wp\/v2\/media?parent=11159"}],"wp:term":[{"taxonomy":"category","embeddable":true,"href":"https:\/\/terragina.de\/blog\/wp-json\/wp\/v2\/categories?post=11159"},{"taxonomy":"post_tag","embeddable":true,"href":"https:\/\/terragina.de\/blog\/wp-json\/wp\/v2\/tags?post=11159"}],"curies":[{"name":"wp","href":"https:\/\/api.w.org\/{rel}","templated":true}]}}