{"id":11284,"date":"2013-09-10T19:16:32","date_gmt":"2013-09-10T17:16:32","guid":{"rendered":"http:\/\/terragina.de\/blog\/?p=11284"},"modified":"2013-09-20T12:50:24","modified_gmt":"2013-09-20T10:50:24","slug":"ausflug-nach-rom-teil-i","status":"publish","type":"post","link":"https:\/\/terragina.de\/blog\/2013\/09\/10\/ausflug-nach-rom-teil-i\/","title":{"rendered":"Ausflug nach Rom &#8211; Teil I"},"content":{"rendered":"<p>Mein Urlaub ist fast vorbei und die paar Tage in Rom waren wundersch\u00c3\u00b6n. Etwas musstet Ihr und ich noch warten, denn ein weiterer Ausflug ins sch\u00c3\u00b6ne Frankenland stand auch noch im Urlaubsplan. Nun aber sind wir wieder gesund und munter zu Hause. Sch\u00c3\u00b6n! Wenn da nur die Baustelle direkt vor unserer Nase nicht w\u00c3\u00a4re\u00e2\u20ac\u00a6 :(<\/p>\n<p>Aber zur\u00c3\u00bcck zu Rom:<\/p>\n<p>Da wir mit RyanAir geflogen sind, gab es nicht viel Gep\u00c3\u00a4ck f\u00c3\u00bcr die drei \u00c3\u0153bernachtungen und auch meine gro\u00c3\u0178e Kamera musste zu Hause bleiben. Aber ich habe ja noch eine kleine &#8211; und die hat mir gute Dienste getan. Hier also ein paar ausgesuchte Fotos f\u00c3\u00bcr meinen Blog. F\u00c3\u00bcr mich und f\u00c3\u00bcr Euch &#8211; <em>klick macht gr\u00c3\u00b6sser<\/em>. ;)<\/p>\n<p><\/p>\n<div style=\"text-align: center;\">\n  <a href=\"http:\/\/terragina.de\/blog\/wp-content\/uploads\/2013\/09\/rom_01.jpg\" rel=\"lightbox[11284]\"><img loading=\"lazy\" decoding=\"async\" src=\"http:\/\/terragina.de\/blog\/wp-content\/uploads\/2013\/09\/rom_01-tm.jpg\" width=\"226\" height=\"300\" alt=\"rom_01.jpg\" \/><\/a>\n<\/div>\n<p style=\"text-align: center;\">Traumhaftes Wetter in Rom &#8211; die vollen vier Tage. ;)<\/p>\n<div style=\"text-align: center;\">\n  \n<\/div>\n<div style=\"text-align: center;\">\n  <a href=\"http:\/\/terragina.de\/blog\/wp-content\/uploads\/2013\/09\/rom_02.jpg\" rel=\"lightbox[11284]\"><img loading=\"lazy\" decoding=\"async\" src=\"http:\/\/terragina.de\/blog\/wp-content\/uploads\/2013\/09\/rom_02-tm.jpg\" width=\"300\" height=\"230\" alt=\"rom_02.jpg\" \/><\/a>\n<\/div>\n<p style=\"text-align: center;\">Monumento a Vittorio Emanuele II (im Volksmund auch gerne als \u00e2\u20ac\u017eGebiss\u00e2\u20ac\u009d bezeichnet. Weitere Infos gibt es <a href=\"http:\/\/de.wikipedia.org\/wiki\/Monumento_a_Vittorio_Emanuele_II\" title=\"Mehr \u00c3\u00bcber das Monument erfahren\">hier<\/a>.<\/p>\n<div style=\"text-align: center;\">\n  \n<\/div>\n<div style=\"text-align: center;\">\n  <a href=\"http:\/\/terragina.de\/blog\/wp-content\/uploads\/2013\/09\/rom_03.jpg\" rel=\"lightbox[11284]\"><img loading=\"lazy\" decoding=\"async\" src=\"http:\/\/terragina.de\/blog\/wp-content\/uploads\/2013\/09\/rom_03-tm.jpg\" width=\"300\" height=\"230\" alt=\"rom_03.jpg\" \/><\/a>\n<\/div>\n<p style=\"text-align: center;\">Der Versuch, den wundersch\u00c3\u00b6nen Trevi-Brunnen ohne Menschenmassen zu fotografieren.<\/p>\n<div style=\"text-align: center;\">\n  \n<\/div>\n<div style=\"text-align: center;\">\n  <a href=\"http:\/\/terragina.de\/blog\/wp-content\/uploads\/2013\/09\/rom_04.jpg\" rel=\"lightbox[11284]\"><img loading=\"lazy\" decoding=\"async\" src=\"http:\/\/terragina.de\/blog\/wp-content\/uploads\/2013\/09\/rom_04-tm.jpg\" width=\"226\" height=\"300\" alt=\"rom_04.jpg\" \/><\/a>\n<\/div>\n<p style=\"text-align: center;\">Bei der spanischen Treppe ist das menschenfreie Fotografieren wohl unm\u00c3\u00b6glich. :(<\/p>\n<div style=\"text-align: center;\">\n  \n<\/div>\n<div style=\"text-align: center;\">\n  <a href=\"http:\/\/terragina.de\/blog\/wp-content\/uploads\/2013\/09\/rom_05.jpg\" rel=\"lightbox[11284]\"><img loading=\"lazy\" decoding=\"async\" src=\"http:\/\/terragina.de\/blog\/wp-content\/uploads\/2013\/09\/rom_05-tm.jpg\" width=\"300\" height=\"230\" alt=\"rom_05.jpg\" \/><\/a>\n<\/div>\n<p style=\"text-align: center;\"><\/p>\n<p style=\"text-align: center;\">Nat\u00c3\u00bcrlich darf das ber\u00c3\u00bchmte Kolosseum auf unserer Besichtigungs-Tour auch nicht fehlen.<\/p>\n<p style=\"text-align: center;\"><\/p>\n<p style=\"text-align: center;\"><a href=\"http:\/\/terragina.de\/blog\/wp-content\/uploads\/2013\/09\/rom_06.jpg\" rel=\"lightbox[11284]\"><img loading=\"lazy\" decoding=\"async\" src=\"http:\/\/terragina.de\/blog\/wp-content\/uploads\/2013\/09\/rom_06-tm.jpg\" width=\"300\" height=\"230\" alt=\"rom_06.jpg\" \/><\/a><\/p>\n<p style=\"text-align: center;\">Eine Perspektive, die man nicht so h\u00c3\u00a4ufig sieht &#8211; fernab der Menschenmassen.<\/p>\n<p style=\"text-align: center;\">Zum Schlu\u00c3\u0178 habe ich noch einen der zahlreichen, h\u00c3\u00bcbschen Brunnen f\u00c3\u00bcr Euch\u00e2\u20ac\u00a6 in unmittelbarer N\u00c3\u00a4he des Circus Maximus gelegen.<\/p>\n<div style=\"text-align: center;\">\n  \n<\/div>\n<div style=\"text-align: center;\">\n  <a href=\"http:\/\/terragina.de\/blog\/wp-content\/uploads\/2013\/09\/rom_07.jpg\" rel=\"lightbox[11284]\"><img loading=\"lazy\" decoding=\"async\" src=\"http:\/\/terragina.de\/blog\/wp-content\/uploads\/2013\/09\/rom_07-tm.jpg\" width=\"226\" height=\"300\" alt=\"rom_07.jpg\" \/><\/a>\n<\/div>\n<p><\/p>\n<p>Leider mu\u00c3\u0178 ich nun noch ein wenig W\u00c3\u00a4sche aufh\u00c3\u00a4ngen und habe auch sonst noch ein paar Vorbereitungen f\u00c3\u00bcr meinen morgigen ersten Arbeitstag nach dem Urlaub zu treffen. Mehr von Rom wird es aber in einem zweiten Teil geben &#8211; versprochen. :yes: Ich hoffe, Euch gef\u00c3\u00a4llt dieser kleine Ausflug und Ihr habt Lust auf mehr&#8230;<\/p>\n","protected":false},"excerpt":{"rendered":"<p>Mein Urlaub ist fast vorbei und die paar Tage in Rom waren wundersch\u00c3\u00b6n. Etwas musstet Ihr und ich noch warten, denn ein weiterer Ausflug ins sch\u00c3\u00b6ne Frankenland stand auch noch im Urlaubsplan. Nun aber sind wir wieder gesund und munter zu Hause. Sch\u00c3\u00b6n! Wenn da nur die Baustelle direkt vor unserer Nase nicht w\u00c3\u00a4re\u00e2\u20ac\u00a6 :( Aber zur\u00c3\u00bcck zu Rom: Da wir mit RyanAir geflogen sind, gab es nicht viel Gep\u00c3\u00a4ck f\u00c3\u00bcr die drei \u00c3\u0153bernachtungen und auch meine gro\u00c3\u0178e Kamera musste zu Hause bleiben. Aber ich habe ja noch eine kleine &#8211; und die hat mir gute Dienste getan. Hier also ein paar ausgesuchte Fotos f\u00c3\u00bcr meinen Blog. F\u00c3\u00bcr mich und f\u00c3\u00bcr Euch &#8211; klick macht gr\u00c3\u00b6sser. ;) Traumhaftes Wetter in Rom &#8211; die vollen vier Tage. ;) Monumento a Vittorio Emanuele II (im Volksmund auch gerne als \u00e2\u20ac\u017eGebiss\u00e2\u20ac\u009d bezeichnet. Weitere Infos gibt es hier. Der Versuch, den wundersch\u00c3\u00b6nen Trevi-Brunnen ohne Menschenmassen zu fotografieren. Bei der spanischen Treppe ist das menschenfreie Fotografieren wohl unm\u00c3\u00b6glich. :( Nat\u00c3\u00bcrlich darf das ber\u00c3\u00bchmte Kolosseum auf unserer Besichtigungs-Tour auch nicht fehlen. &hellip;<\/p>\n","protected":false},"author":1,"featured_media":0,"comment_status":"open","ping_status":"open","sticky":false,"template":"","format":"standard","meta":{"_jetpack_newsletter_access":"","_jetpack_dont_email_post_to_subs":false,"_jetpack_newsletter_tier_id":0,"_jetpack_memberships_contains_paywalled_content":false,"_jetpack_memberships_contains_paid_content":false,"footnotes":""},"categories":[2],"tags":[421,964,957,422],"class_list":["post-11284","post","type-post","status-publish","format-standard","hentry","category-foto","tag-fotoalbum","tag-fotografie","tag-foto","tag-fotos"],"jetpack_sharing_enabled":true,"jetpack_shortlink":"https:\/\/wp.me\/pq7aY-2W0","jetpack_likes_enabled":true,"jetpack-related-posts":[],"jetpack_featured_media_url":"","_links":{"self":[{"href":"https:\/\/terragina.de\/blog\/wp-json\/wp\/v2\/posts\/11284","targetHints":{"allow":["GET"]}}],"collection":[{"href":"https:\/\/terragina.de\/blog\/wp-json\/wp\/v2\/posts"}],"about":[{"href":"https:\/\/terragina.de\/blog\/wp-json\/wp\/v2\/types\/post"}],"author":[{"embeddable":true,"href":"https:\/\/terragina.de\/blog\/wp-json\/wp\/v2\/users\/1"}],"replies":[{"embeddable":true,"href":"https:\/\/terragina.de\/blog\/wp-json\/wp\/v2\/comments?post=11284"}],"version-history":[{"count":0,"href":"https:\/\/terragina.de\/blog\/wp-json\/wp\/v2\/posts\/11284\/revisions"}],"wp:attachment":[{"href":"https:\/\/terragina.de\/blog\/wp-json\/wp\/v2\/media?parent=11284"}],"wp:term":[{"taxonomy":"category","embeddable":true,"href":"https:\/\/terragina.de\/blog\/wp-json\/wp\/v2\/categories?post=11284"},{"taxonomy":"post_tag","embeddable":true,"href":"https:\/\/terragina.de\/blog\/wp-json\/wp\/v2\/tags?post=11284"}],"curies":[{"name":"wp","href":"https:\/\/api.w.org\/{rel}","templated":true}]}}