{"id":11318,"date":"2013-09-20T12:37:36","date_gmt":"2013-09-20T10:37:36","guid":{"rendered":"http:\/\/terragina.de\/blog\/?p=11318"},"modified":"2013-09-20T12:37:37","modified_gmt":"2013-09-20T10:37:37","slug":"ausflug-nach-rom-teil-2","status":"publish","type":"post","link":"https:\/\/terragina.de\/blog\/2013\/09\/20\/ausflug-nach-rom-teil-2\/","title":{"rendered":"Ausflug nach Rom &#8211; Teil 2"},"content":{"rendered":"<p>Versprochen ist versprochen!<\/p>\n<p>Und wenn Ihr m\u00c3\u00b6chtet, nehme ich Euch gerne mit auf den 2. Teil unseres Rundgangs durch Rom &#8211; vielleicht hat ja schon der\/die ein oder andere darauf gewartet. ;)<\/p>\n<div style=\"text-align: center;\">\n  <a href=\"http:\/\/terragina.de\/blog\/wp-content\/uploads\/2013\/09\/rom_08.jpg\" rel=\"lightbox[11318]\"><img loading=\"lazy\" decoding=\"async\" src=\"http:\/\/terragina.de\/blog\/wp-content\/uploads\/2013\/09\/rom_08-tm.jpg\" width=\"300\" height=\"230\" alt=\"rom_08.jpg\" \/><\/a>\n<\/div>\n<p style=\"text-align: center;\">Ein weniger bekanntes St\u00c3\u00bcck Rom &#8211; Blick auf einen Br\u00c3\u00bcckenrest am Tiber. Es sah aus, als w\u00c3\u00a4re dort am Ufer eine kleine Freilichtb\u00c3\u00bchne errichtet worden. Hinter dem Br\u00c3\u00bccken-Rest\u00e2\u20ac\u00a6<\/p>\n<p style=\"text-align: center;\"><a href=\"http:\/\/terragina.de\/blog\/wp-content\/uploads\/2013\/09\/rom_09.jpg\" rel=\"lightbox[11318]\"><img loading=\"lazy\" decoding=\"async\" src=\"http:\/\/terragina.de\/blog\/wp-content\/uploads\/2013\/09\/rom_09-tm.jpg\" width=\"226\" height=\"300\" alt=\"rom_09.jpg\" \/><\/a><\/p>\n<p style=\"text-align: center;\">Nochmal ein Blick auf das \u00e2\u20ac\u017eGebiss\u00e2\u20ac\u009d. Diesmal von der anderen Seite.<\/p>\n<div style=\"text-align: center;\">\n  \n<\/div>\n<div style=\"text-align: center;\">\n  <a href=\"http:\/\/terragina.de\/blog\/wp-content\/uploads\/2013\/09\/rom_10.jpg\" rel=\"lightbox[11318]\"><img loading=\"lazy\" decoding=\"async\" src=\"http:\/\/terragina.de\/blog\/wp-content\/uploads\/2013\/09\/rom_10-tm.jpg\" width=\"300\" height=\"230\" alt=\"rom_10.jpg\" \/><\/a>\n<\/div>\n<p style=\"text-align: center;\">\u00e2\u20ac\u017eEinblick\u00e2\u20ac\u009d in einen Hinterhof.<\/p>\n<div style=\"text-align: center;\">\n  \n<\/div>\n<div style=\"text-align: center;\">\n  <a href=\"http:\/\/terragina.de\/blog\/wp-content\/uploads\/2013\/09\/rom_11.jpg\" rel=\"lightbox[11318]\"><img loading=\"lazy\" decoding=\"async\" src=\"http:\/\/terragina.de\/blog\/wp-content\/uploads\/2013\/09\/rom_11-tm.jpg\" width=\"300\" height=\"230\" alt=\"rom_11.jpg\" \/><\/a>\n<\/div>\n<p style=\"text-align: center;\">Faszinierende Architektur.<\/p>\n<div style=\"text-align: center;\">\n  \n<\/div>\n<div style=\"text-align: center;\">\n  <a href=\"http:\/\/terragina.de\/blog\/wp-content\/uploads\/2013\/09\/rom_12.jpg\" rel=\"lightbox[11318]\"><img loading=\"lazy\" decoding=\"async\" src=\"http:\/\/terragina.de\/blog\/wp-content\/uploads\/2013\/09\/rom_12-tm.jpg\" width=\"226\" height=\"300\" alt=\"rom_12.jpg\" \/><\/a>\n<\/div>\n<p style=\"text-align: center;\">Piazza Navona<\/p>\n<div style=\"text-align: center;\">\n  \n<\/div>\n<div style=\"text-align: center;\">\n  <a href=\"http:\/\/terragina.de\/blog\/wp-content\/uploads\/2013\/09\/rom_13.jpg\" rel=\"lightbox[11318]\"><img loading=\"lazy\" decoding=\"async\" src=\"http:\/\/terragina.de\/blog\/wp-content\/uploads\/2013\/09\/rom_13-tm.jpg\" width=\"300\" height=\"230\" alt=\"rom_13.jpg\" \/><\/a>\n<\/div>\n<p style=\"text-align: center;\">Blick auf den Petersdom mit Engelsbr\u00c3\u00bccke<\/p>\n<div style=\"text-align: center;\">\n  \n<\/div>\n<div style=\"text-align: center;\">\n  <a href=\"http:\/\/terragina.de\/blog\/wp-content\/uploads\/2013\/09\/rom_14.jpg\" rel=\"lightbox[11318]\"><img loading=\"lazy\" decoding=\"async\" src=\"http:\/\/terragina.de\/blog\/wp-content\/uploads\/2013\/09\/rom_14-tm.jpg\" width=\"300\" height=\"230\" alt=\"rom_14.jpg\" \/><\/a>\n<\/div>\n<p style=\"text-align: center;\">Am n\u00c3\u00a4chsten Tag: Blick aus der anderen Richtung &#8211; Engelsburg mit Engelsbr\u00c3\u00bccke<\/p>\n<div style=\"text-align: center;\">\n  \n<\/div>\n<div style=\"text-align: center;\">\n  <a href=\"http:\/\/terragina.de\/blog\/wp-content\/uploads\/2013\/09\/rom_15.jpg\" rel=\"lightbox[11318]\"><img loading=\"lazy\" decoding=\"async\" src=\"http:\/\/terragina.de\/blog\/wp-content\/uploads\/2013\/09\/rom_15-tm.jpg\" width=\"300\" height=\"230\" alt=\"rom_15.jpg\" \/><\/a>\n<\/div>\n<p style=\"text-align: center;\">\u00c3\u0153berraschung auf dem Petersplatz\u00e2\u20ac\u00a6 wow, so viele Menschen\u00e2\u20ac\u00a6<\/p>\n<div style=\"text-align: center;\">\n  \n<\/div>\n<div style=\"text-align: center;\">\n  <a href=\"http:\/\/terragina.de\/blog\/wp-content\/uploads\/2013\/09\/rom_16.jpg\" rel=\"lightbox[11318]\"><img loading=\"lazy\" decoding=\"async\" src=\"http:\/\/terragina.de\/blog\/wp-content\/uploads\/2013\/09\/rom_16-tm.jpg\" width=\"300\" height=\"230\" alt=\"rom_16.jpg\" \/><\/a>\n<\/div>\n<p style=\"text-align: center;\">Papst-Audienz, wie wir sp\u00c3\u00a4ter im Internet nachlesen konnten.<\/p>\n<div style=\"text-align: center;\">\n  \n<\/div>\n<div style=\"text-align: center;\">\n  <a href=\"http:\/\/terragina.de\/blog\/wp-content\/uploads\/2013\/09\/rom_17.jpg\" rel=\"lightbox[11318]\"><img loading=\"lazy\" decoding=\"async\" src=\"http:\/\/terragina.de\/blog\/wp-content\/uploads\/2013\/09\/rom_17-tm.jpg\" width=\"300\" height=\"230\" alt=\"rom_17.jpg\" \/><\/a>\n<\/div>\n<p style=\"text-align: center;\">Ich h\u00c3\u00a4tte es nicht f\u00c3\u00bcr m\u00c3\u00b6glich gehalten, aber der Zufall wollte es so, dass wir auch Papa Francesco fast hautnah erleben konnten. Ich, wo ich doch zu \u00e2\u20ac\u017eden anderen\u00e2\u20ac\u009d geh\u00c3\u00b6re. Aber eines gebe ich hier an dieser Stelle zu. Es war ein besonderer Moment, den ich nicht so schnell vergessen werde.<\/p>\n<div style=\"text-align: center;\">\n  \n<\/div>\n<div style=\"text-align: center;\">\n  <a href=\"http:\/\/terragina.de\/blog\/wp-content\/uploads\/2013\/09\/rom_18.jpg\" rel=\"lightbox[11318]\"><img loading=\"lazy\" decoding=\"async\" src=\"http:\/\/terragina.de\/blog\/wp-content\/uploads\/2013\/09\/rom_18-tm.jpg\" width=\"300\" height=\"230\" alt=\"rom_18.jpg\" \/><\/a>\n<\/div>\n<p style=\"text-align: center;\">Blick nach oben\u00e2\u20ac\u00a6 mit Vegetation zwischen all den alten Steinen. *lol*<\/p>\n<div style=\"text-align: center;\">\n  \n<\/div>\n<div style=\"text-align: center;\">\n  <a href=\"http:\/\/terragina.de\/blog\/wp-content\/uploads\/2013\/09\/rom_19.jpg\" rel=\"lightbox[11318]\"><img loading=\"lazy\" decoding=\"async\" src=\"http:\/\/terragina.de\/blog\/wp-content\/uploads\/2013\/09\/rom_19-tm.jpg\" width=\"300\" height=\"230\" alt=\"rom_19.jpg\" \/><\/a>\n<\/div>\n<p style=\"text-align: center;\"><em>Fontana delle Tartarughe<\/em> &#8211; der Schildkr\u00c3\u00b6tenbrunnen<\/p>\n<div style=\"text-align: center;\">\n  \n<\/div>\n<div style=\"text-align: center;\">\n  <a href=\"http:\/\/terragina.de\/blog\/wp-content\/uploads\/2013\/09\/rom_20.jpg\" rel=\"lightbox[11318]\"><img loading=\"lazy\" decoding=\"async\" src=\"http:\/\/terragina.de\/blog\/wp-content\/uploads\/2013\/09\/rom_20-tm.jpg\" width=\"226\" height=\"300\" alt=\"rom_20.jpg\" \/><\/a>\n<\/div>\n<p style=\"text-align: center;\">Und zum Schluss noch einmal alte Steine\u00e2\u20ac\u00a6<\/p>\n<p>Es hat mir wahnsinnig gut gefallen und eine weitere Reise nach Rom k\u00c3\u00b6nnte ich mir gut vorstellen. Wir haben l\u00c3\u00a4ngst nicht alles gesehen in den 3 Tagen &#8211; diese aber rundum ausgenutzt und in vollen Z\u00c3\u00bcgen genossen.<\/p>\n<p>Mit diesen Bildern verabschiede ich mich ins Wochenende &#8211; w\u00c3\u00bcnsche auch Euch zwei sch\u00c3\u00b6ne, erholsame Tage. :)<\/p>\n","protected":false},"excerpt":{"rendered":"<p>Versprochen ist versprochen! Und wenn Ihr m\u00c3\u00b6chtet, nehme ich Euch gerne mit auf den 2. Teil unseres Rundgangs durch Rom &#8211; vielleicht hat ja schon der\/die ein oder andere darauf gewartet. ;) Ein weniger bekanntes St\u00c3\u00bcck Rom &#8211; Blick auf einen Br\u00c3\u00bcckenrest am Tiber. Es sah aus, als w\u00c3\u00a4re dort am Ufer eine kleine Freilichtb\u00c3\u00bchne errichtet worden. Hinter dem Br\u00c3\u00bccken-Rest\u00e2\u20ac\u00a6 Nochmal ein Blick auf das \u00e2\u20ac\u017eGebiss\u00e2\u20ac\u009d. Diesmal von der anderen Seite. \u00e2\u20ac\u017eEinblick\u00e2\u20ac\u009d in einen Hinterhof. Faszinierende Architektur. Piazza Navona Blick auf den Petersdom mit Engelsbr\u00c3\u00bccke Am n\u00c3\u00a4chsten Tag: Blick aus der anderen Richtung &#8211; Engelsburg mit Engelsbr\u00c3\u00bccke \u00c3\u0153berraschung auf dem Petersplatz\u00e2\u20ac\u00a6 wow, so viele Menschen\u00e2\u20ac\u00a6 Papst-Audienz, wie wir sp\u00c3\u00a4ter im Internet nachlesen konnten. Ich h\u00c3\u00a4tte es nicht f\u00c3\u00bcr m\u00c3\u00b6glich gehalten, aber der Zufall wollte es so, dass wir auch Papa Francesco fast hautnah erleben konnten. Ich, wo ich doch zu \u00e2\u20ac\u017eden anderen\u00e2\u20ac\u009d geh\u00c3\u00b6re. Aber eines gebe ich hier an dieser Stelle zu. Es war ein besonderer Moment, den ich nicht so schnell vergessen werde. Blick nach oben\u00e2\u20ac\u00a6 mit Vegetation zwischen all den alten Steinen. *lol* &hellip;<\/p>\n","protected":false},"author":1,"featured_media":0,"comment_status":"open","ping_status":"open","sticky":false,"template":"","format":"standard","meta":{"_jetpack_newsletter_access":"","_jetpack_dont_email_post_to_subs":false,"_jetpack_newsletter_tier_id":0,"_jetpack_memberships_contains_paywalled_content":false,"_jetpack_memberships_contains_paid_content":false,"footnotes":""},"categories":[2],"tags":[421,964,957],"class_list":["post-11318","post","type-post","status-publish","format-standard","hentry","category-foto","tag-fotoalbum","tag-fotografie","tag-foto"],"jetpack_sharing_enabled":true,"jetpack_shortlink":"https:\/\/wp.me\/pq7aY-2Wy","jetpack_likes_enabled":true,"jetpack-related-posts":[],"jetpack_featured_media_url":"","_links":{"self":[{"href":"https:\/\/terragina.de\/blog\/wp-json\/wp\/v2\/posts\/11318","targetHints":{"allow":["GET"]}}],"collection":[{"href":"https:\/\/terragina.de\/blog\/wp-json\/wp\/v2\/posts"}],"about":[{"href":"https:\/\/terragina.de\/blog\/wp-json\/wp\/v2\/types\/post"}],"author":[{"embeddable":true,"href":"https:\/\/terragina.de\/blog\/wp-json\/wp\/v2\/users\/1"}],"replies":[{"embeddable":true,"href":"https:\/\/terragina.de\/blog\/wp-json\/wp\/v2\/comments?post=11318"}],"version-history":[{"count":0,"href":"https:\/\/terragina.de\/blog\/wp-json\/wp\/v2\/posts\/11318\/revisions"}],"wp:attachment":[{"href":"https:\/\/terragina.de\/blog\/wp-json\/wp\/v2\/media?parent=11318"}],"wp:term":[{"taxonomy":"category","embeddable":true,"href":"https:\/\/terragina.de\/blog\/wp-json\/wp\/v2\/categories?post=11318"},{"taxonomy":"post_tag","embeddable":true,"href":"https:\/\/terragina.de\/blog\/wp-json\/wp\/v2\/tags?post=11318"}],"curies":[{"name":"wp","href":"https:\/\/api.w.org\/{rel}","templated":true}]}}