{"id":12026,"date":"2015-01-04T14:22:57","date_gmt":"2015-01-04T13:22:57","guid":{"rendered":"http:\/\/terragina.de\/blog\/?p=12026"},"modified":"2015-02-15T14:19:11","modified_gmt":"2015-02-15T13:19:11","slug":"alles-fuer-die-katz-2015-01","status":"publish","type":"post","link":"https:\/\/terragina.de\/blog\/2015\/01\/04\/alles-fuer-die-katz-2015-01\/","title":{"rendered":"Alles f\u00c3\u00bcr die Katz 2015 &#8211; #01"},"content":{"rendered":"<p><a data-mce-href=\"http:\/\/www.jaellekatz.de\/alles-fuer-die-katz\/alles-fuer-die-katz-1\" href=\"http:\/\/www.jaellekatz.de\/alles-fuer-die-katz\/alles-fuer-die-katz-1\" target=\"_blank\"><img loading=\"lazy\" decoding=\"async\" src=\"http:\/\/terragina.de\/blog\/images\/alles_fuer_die_katz_logo_160x160.jpg\" width=\"160\" height=\"160\" style=\"float: right; margin: 5px; max-height: none; max-width: 100%;\" data-mce-style=\"float: right; margin: 5px;\" data-position=\"3\" class=\"right\"\/><\/a>Bei meiner letzten Blogrunde heute morgen bin ich bei <a data-mce-href=\"http:\/\/rheinesherzblut.blogspot.de\/2015\/01\/projekt-alles-fur-die-katz-1.html\" href=\"http:\/\/rheinesherzblut.blogspot.de\/2015\/01\/projekt-alles-fur-die-katz-1.html\" target=\"_blank\">Andrea<\/a>&nbsp;\u00c3\u00bcber&nbsp;ein Fotoprojekt gestolpert, welches Sylvia von <a data-mce-href=\"http:\/\/www.jaellekatz.de\/alles-fuer-die-katz\/alles-fuer-die-katz-1\" href=\"http:\/\/www.jaellekatz.de\/alles-fuer-die-katz\/alles-fuer-die-katz-1\" target=\"_blank\">Jaellekatz<\/a>&nbsp;als Nachfolgerin von&nbsp;<a data-mce-href=\"http:\/\/kallebloggt.de\" href=\"http:\/\/kallebloggt.de\" target=\"_blank\">Kalle<\/a> weiter f\u00c3\u00bchrt. Er hatte \u00e2\u20ac\u017eAlles f\u00c3\u00bcr die Katz\u00e2\u20ac\u0153 2014 ins Leben gerufen.&nbsp;<\/p>\n<p>Ein sch\u00c3\u00b6nes Fotoprojekt&nbsp;f\u00c3\u00bcr mich, denn a) haben es&nbsp;unsere Fellnasen verdient, wieder regelm\u00c3\u00a4ssiger&nbsp;fotografiert zu werden <em>auch wenn sie davon nicht immer&nbsp;begeistert sind<\/em> und b) sollte es zu schaffen sein, 2 x im Monat ein Bild auf meinen Blog zu stellen. :catlove:<\/p>\n<p>Ich werde mich bem\u00c3\u00bchen, <strong>p\u00c3\u00bcnktlich zum 1. und 15. eines Monats<\/strong> wenigstens eine Fellkugel vor die Linse zu bekommen.<\/p>\n<p>Mein erstes Foto&nbsp;ist bereits vorgestern entstanden und h\u00c3\u00a4tte eigentlich an Neujahr gepostet werden sollen. Ich bin mir sicher, Ihr seht es mir nach, schlie\u00c3\u0178lich habe ich das Projekt ja heute erst entdeckt.<\/p>\n<p><a data-mce-href=\"http:\/\/terragina.de\/blog\/wp-content\/uploads\/2015\/01\/nala_02012015.jpg\" href=\"http:\/\/terragina.de\/blog\/wp-content\/uploads\/2015\/01\/nala_02012015.jpg\" rel=\"lightbox[12026]\"><img loading=\"lazy\" decoding=\"async\" src=\"http:\/\/terragina.de\/blog\/wp-content\/uploads\/2015\/01\/nala_02012015.jpg\" style=\"max-height: none; max-width: 100%; display: block; float: none; margin: 5px auto;\" width=\"500\" height=\"375\" data-mce-style=\"display: block; float: none; margin: 5px auto;\" data-position=\"3\" class=\"center\"\/><\/a><\/p>\n<p>V\u00c3\u00b6llig relaxed liegt Nala unter bzw. neben dem Weihnachtsbaum und geniesst ihr Katzen-Dasein.<\/p>\n<p>\u00c3\u0153berhaupt scheint unser B\u00c3\u00a4umchen in diesem Jahr weder Nala noch Padano zu interessieren.&nbsp;Gut so &#8211; wir hatten auch schon Jahre, wo der Baum mega-spannend&nbsp;war. <em>Ich erinnere mich da noch sehr gut an einen Morgen, bei dem der Baum quer am Fenster lehnte. T\u00c3\u00a4ter(in) bis heute unbekannt.<\/em><\/p>\n<\/p>\n<div class=\"image-size mceNonEditable\" data-mce-bogus=\"true\" id=\"plate\" contenteditable=\"false\" style=\"display: none; -webkit-transform: translateZ(0); top: 30px; left: 361px;\" data-size=\"160x160\"><\/div>\n","protected":false},"excerpt":{"rendered":"<p>Bei meiner letzten Blogrunde heute morgen bin ich bei Andrea&nbsp;\u00c3\u00bcber&nbsp;ein Fotoprojekt gestolpert, welches Sylvia von Jaellekatz&nbsp;als Nachfolgerin von&nbsp;Kalle weiter f\u00c3\u00bchrt. Er hatte \u00e2\u20ac\u017eAlles f\u00c3\u00bcr die Katz\u00e2\u20ac\u0153 2014 ins Leben gerufen.&nbsp; Ein sch\u00c3\u00b6nes Fotoprojekt&nbsp;f\u00c3\u00bcr mich, denn a) haben es&nbsp;unsere Fellnasen verdient, wieder regelm\u00c3\u00a4ssiger&nbsp;fotografiert zu werden auch wenn sie davon nicht immer&nbsp;begeistert sind und b) sollte es zu schaffen sein, 2 x im Monat ein Bild auf meinen Blog zu stellen. :catlove: Ich werde mich bem\u00c3\u00bchen, p\u00c3\u00bcnktlich zum 1. und 15. eines Monats wenigstens eine Fellkugel vor die Linse zu bekommen. Mein erstes Foto&nbsp;ist bereits vorgestern entstanden und h\u00c3\u00a4tte eigentlich an Neujahr gepostet werden sollen. Ich bin mir sicher, Ihr seht es mir nach, schlie\u00c3\u0178lich habe ich das Projekt ja heute erst entdeckt. V\u00c3\u00b6llig relaxed liegt Nala unter bzw. neben dem Weihnachtsbaum und geniesst ihr Katzen-Dasein. \u00c3\u0153berhaupt scheint unser B\u00c3\u00a4umchen in diesem Jahr weder Nala noch Padano zu interessieren.&nbsp;Gut so &#8211; wir hatten auch schon Jahre, wo der Baum mega-spannend&nbsp;war. Ich erinnere mich da noch sehr gut an einen Morgen, bei dem der Baum quer am Fenster &hellip;<\/p>\n","protected":false},"author":1,"featured_media":0,"comment_status":"open","ping_status":"open","sticky":false,"template":"","format":"standard","meta":{"_jetpack_newsletter_access":"","_jetpack_dont_email_post_to_subs":false,"_jetpack_newsletter_tier_id":0,"_jetpack_memberships_contains_paywalled_content":false,"_jetpack_memberships_contains_paid_content":false,"footnotes":""},"categories":[819,728],"tags":[750,751,39,30,353],"class_list":["post-12026","post","type-post","status-publish","format-standard","hentry","category-alles-fuer-die-katz","category-cat-corner","tag-alles-fuer-die-katz","tag-fotoprojekt","tag-katzen","tag-maine-coon","tag-nala"],"jetpack_sharing_enabled":true,"jetpack_shortlink":"https:\/\/wp.me\/pq7aY-37Y","jetpack_likes_enabled":true,"jetpack-related-posts":[],"jetpack_featured_media_url":"","_links":{"self":[{"href":"https:\/\/terragina.de\/blog\/wp-json\/wp\/v2\/posts\/12026","targetHints":{"allow":["GET"]}}],"collection":[{"href":"https:\/\/terragina.de\/blog\/wp-json\/wp\/v2\/posts"}],"about":[{"href":"https:\/\/terragina.de\/blog\/wp-json\/wp\/v2\/types\/post"}],"author":[{"embeddable":true,"href":"https:\/\/terragina.de\/blog\/wp-json\/wp\/v2\/users\/1"}],"replies":[{"embeddable":true,"href":"https:\/\/terragina.de\/blog\/wp-json\/wp\/v2\/comments?post=12026"}],"version-history":[{"count":0,"href":"https:\/\/terragina.de\/blog\/wp-json\/wp\/v2\/posts\/12026\/revisions"}],"wp:attachment":[{"href":"https:\/\/terragina.de\/blog\/wp-json\/wp\/v2\/media?parent=12026"}],"wp:term":[{"taxonomy":"category","embeddable":true,"href":"https:\/\/terragina.de\/blog\/wp-json\/wp\/v2\/categories?post=12026"},{"taxonomy":"post_tag","embeddable":true,"href":"https:\/\/terragina.de\/blog\/wp-json\/wp\/v2\/tags?post=12026"}],"curies":[{"name":"wp","href":"https:\/\/api.w.org\/{rel}","templated":true}]}}