{"id":12089,"date":"2015-01-06T11:54:15","date_gmt":"2015-01-06T10:54:15","guid":{"rendered":"http:\/\/terragina.de\/blog\/?p=12089"},"modified":"2015-01-06T11:55:02","modified_gmt":"2015-01-06T10:55:02","slug":"macarons-in-schwarz-und-rot","status":"publish","type":"post","link":"https:\/\/terragina.de\/blog\/2015\/01\/06\/macarons-in-schwarz-und-rot\/","title":{"rendered":"Macarons in Schwarz und Rot"},"content":{"rendered":"<p>Habt Ihr schon genug von Macarons? Also ich noch nicht ;)<\/p>\n<p>Ich brauchte f\u00c3\u00bcr morgen noch eine kleine Geburtstags\u00c3\u00bcberraschung und hatte mir in den Kopf gesetzt, schwarze Macarons mit Cr\u00c3\u00a9me de Caramel-F\u00c3\u00bcllung zu machen. Gesehen hatte ich das bei <a data-mce-href=\"http:\/\/www.franzoesischkochen.de\/macarons-a-la-creme-de-caramel-au-beurre-sale-macarons-mit-salzbutter-karamell-creme\/\" href=\"http:\/\/www.franzoesischkochen.de\/macarons-a-la-creme-de-caramel-au-beurre-sale-macarons-mit-salzbutter-karamell-creme\/\" target=\"_blank\">Aur\u00c3\u00a9lie<\/a> und von der Cr\u00c3\u00a9me hatte ich ja bereits <a data-mce-href=\"http:\/\/terragina.de\/blog\/2014\/12\/30\/creme-de-caramel-au-beurre-sale\/\" href=\"http:\/\/terragina.de\/blog\/2014\/12\/30\/creme-de-caramel-au-beurre-sale\/\" target=\"_blank\">hier<\/a> berichtet. Ich musste also nur noch Macaronschalen machen. Wie das geht, habe ich <a data-mce-href=\"http:\/\/terragina.de\/blog\/2014\/12\/28\/macaron-fieber\/\" href=\"http:\/\/terragina.de\/blog\/2014\/12\/28\/macaron-fieber\/\" target=\"_blank\">hier<\/a> ausf\u00c3\u00bchrlich gebloggt.<\/p>\n<\/p>\n<p>Wollt Ihr meine Ergebnisse sehen?<\/p>\n<p><!--more--><\/p>\n<p>Farblich sind sie fast ein wenig lila-dunkelgrau-schwarz geworden, obwohl ich etwas mehr als sonst von der Lebensmittelfarbpaste (Schwarz von Wilton) genommen habe. Mir gefallen sie trotzdem. Das Lebensmittelpulver in Gold gibt es \u00c3\u00bcbrigens bei Aur\u00c3\u00a9lie im Shop.<\/p>\n<p>\n<a data-mce-href=\"http:\/\/terragina.de\/blog\/wp-content\/uploads\/2015\/01\/black_macarons_01.jpg\" href=\"http:\/\/terragina.de\/blog\/wp-content\/uploads\/2015\/01\/black_macarons_01.jpg\" rel=\"lightbox[12089]\"><img loading=\"lazy\" decoding=\"async\" src=\"http:\/\/terragina.de\/blog\/wp-content\/uploads\/2015\/01\/black_macarons_01.jpg\" width=\"500\" height=\"375\" style=\"display: block; float: none; margin: 5px auto;\" data-mce-style=\"display: block; float: none; margin: 5px auto;\" data-position=\"1\" class=\"center\"\/><\/a><br \/>\n<a data-mce-href=\"http:\/\/terragina.de\/blog\/wp-content\/uploads\/2015\/01\/black_macarons_02.jpg\" href=\"http:\/\/terragina.de\/blog\/wp-content\/uploads\/2015\/01\/black_macarons_02.jpg\" rel=\"lightbox[12089]\"><img loading=\"lazy\" decoding=\"async\" src=\"http:\/\/terragina.de\/blog\/wp-content\/uploads\/2015\/01\/black_macarons_02.jpg\" width=\"500\" height=\"375\" style=\"display: block; float: none; margin: 5px auto;\" data-mce-style=\"display: block; float: none; margin: 5px auto;\" data-position=\"1\" class=\"center\"\/><\/a><br \/>\n<a data-mce-href=\"http:\/\/terragina.de\/blog\/wp-content\/uploads\/2015\/01\/black_macarons_03.jpg\" href=\"http:\/\/terragina.de\/blog\/wp-content\/uploads\/2015\/01\/black_macarons_03.jpg\" rel=\"lightbox[12089]\"><img loading=\"lazy\" decoding=\"async\" src=\"http:\/\/terragina.de\/blog\/wp-content\/uploads\/2015\/01\/black_macarons_03.jpg\" width=\"500\" height=\"375\" style=\"display: block; float: none; margin: 5px auto;\" data-mce-style=\"display: block; float: none; margin: 5px auto;\" data-position=\"1\" class=\"center\"\/><\/a>\n<\/p>\n<p>Geschmacklich ist die Cr\u00c3\u00a9me de Caramel wirklich ein Gedicht. Leider ist sie von der Konsistenz her ein klein wenig weich geworden. Selbst, wenn sie direkt aus dem K\u00c3\u00bchlschrank kommt, fliesst sie fast zu schnell von der Macaronschale.<\/p>\n<p>Was hei\u00c3\u0178t das f\u00c3\u00bcr mich? Die Macarons aus dem K\u00c3\u00bchlschrank nehmen und mit dem Geniessen nicht zu lange warten. :yes:<\/p>\n<p align=\"center\"><strong><em>*<\/em><em>*<\/em><em>*<\/em><em>*<\/em><em>*<\/em><em>*<\/em><em>*<\/em>**<\/strong><\/p>\n<p>Ich hatte Euch aber im Titel auch noch rote Macarons versprochen. Irgendwie stehe ich mit der Farbgebung allerdings immer noch&nbsp;auf Kriegsfu\u00c3\u0178.&nbsp;Vielleicht kann ich nur rosa bis altrosa Macarons? :blush: Ich werde weiter daran arbeiten.&nbsp;&nbsp;<\/p>\n<p>\n<a data-mce-href=\"http:\/\/terragina.de\/blog\/wp-content\/uploads\/2015\/01\/red_macarons_01.jpg\" href=\"http:\/\/terragina.de\/blog\/wp-content\/uploads\/2015\/01\/red_macarons_01.jpg\" rel=\"lightbox[12089]\"><img loading=\"lazy\" decoding=\"async\" src=\"http:\/\/terragina.de\/blog\/wp-content\/uploads\/2015\/01\/red_macarons_01.jpg\" width=\"500\" height=\"375\" style=\"display: block; float: none; margin: 5px auto; max-height: none; max-width: 100%;\" data-mce-style=\"display: block; float: none; margin: 5px auto;\" data-position=\"3\" class=\"center\"\/><\/a><br \/>\n<a data-mce-href=\"http:\/\/terragina.de\/blog\/wp-content\/uploads\/2015\/01\/red_macarons_02.jpg\" href=\"http:\/\/terragina.de\/blog\/wp-content\/uploads\/2015\/01\/red_macarons_02.jpg\" rel=\"lightbox[12089]\"><img loading=\"lazy\" decoding=\"async\" src=\"http:\/\/terragina.de\/blog\/wp-content\/uploads\/2015\/01\/red_macarons_02.jpg\" width=\"500\" height=\"375\" style=\"display: block; float: none; margin: 5px auto; max-height: none; max-width: 100%;\" data-mce-style=\"display: block; float: none; margin: 5px auto;\" data-position=\"3\" class=\"center\"\/><\/a>\n<\/p>\n<p>Leider k\u00c3\u00b6nnt Ihr die Creme nur anschauen und nicht probieren. Die ist n\u00c3\u00a4mlich sensationell geworden. :razz:&nbsp;Und dieses Mal ist auch der Spritzbeutel heil geblieben.<\/p>\n<p>Weil diese Ganache aber so dermassen gut ist, vom Geschmack und auch von der Konsistenz, habe ich Euch das Rezept mitgebracht:<\/p>\n<h4>\u00ef\u00bb\u00bf\u00ef\u00bb\u00bfChai-Latte-Ganache\u00ef\u00bb\u00bf\u00ef\u00bb\u00bf<\/h4>\n<p><em>Zutaten f\u00c3\u00bcr ca. 20 St\u00c3\u00bcck:<\/em><\/p>\n<ul>\n<li>100 g wei\u00c3\u0178e Schokolade<\/li>\n<li>50 g s\u00c3\u00bc\u00c3\u0178e Sahne<\/li>\n<li>16 g Chai-Latte-Pulver, alternativ -Sirup<\/li>\n<li>1 knapper TL Zimt<\/li>\n<\/ul>\n<p><em>Zubereitung:<\/em><\/p>\n<\/p>\n<ol>\n<li>Die Schokolade in kleine St\u00c3\u00bccke schneiden.<\/li>\n<li>Sahne bei mittlerer Hitze kurz aufkochen.<\/li>\n<li>Wenn die Sahne kocht, diese vom Herd nehmen und \u00c3\u00bcber die Schokolade gie\u00c3\u0178en. 5 Min stehen lassen. Anschl. gut verr\u00c3\u00bchren, bis die Ganache glatt und cremig ist.<\/li>\n<li>Jetzt das Chai-Latte-Pulver bzw. den -Sirup und den Zimt einr\u00c3\u00bchren.<\/li>\n<li>Ganache f\u00c3\u00bcr ca. 1 Std. in den K\u00c3\u00bchlschrank stellen.<\/li>\n<li>Die Ganache nochmals kurz und kr\u00c3\u00a4ftig durchr\u00c3\u00bchren, in einen Spritzbeutel mit Sternt\u00c3\u00bclle f\u00c3\u00bcllen und auf jeweils eine Macaron-H\u00c3\u00a4lfte spritzen.<\/li>\n<\/ol>\n<p>Zum Schlu\u00c3\u0178 die Macarons nur noch zusammen setzen und f\u00c3\u00bcr 24 Stunden in den K\u00c3\u00bchlschrank stellen, damit sich die Aromen gut verbinden k\u00c3\u00b6nnen. Das ist hart, ich wei\u00c3\u0178. ;)<\/p>\n<p><em>Ich kann mir \u00c3\u00bcbrigens auch sehr gut vorstellen, dass die Cr\u00c3\u00a9me auch auf einer Torte ein Gedicht ist<\/em>&#8230; unbedingt zur Nachahmung empfohlen!<\/p>\n","protected":false},"excerpt":{"rendered":"<p>Habt Ihr schon genug von Macarons? Also ich noch nicht ;) Ich brauchte f\u00c3\u00bcr morgen noch eine kleine Geburtstags\u00c3\u00bcberraschung und hatte mir in den Kopf gesetzt, schwarze Macarons mit Cr\u00c3\u00a9me de Caramel-F\u00c3\u00bcllung zu machen. Gesehen hatte ich das bei Aur\u00c3\u00a9lie und von der Cr\u00c3\u00a9me hatte ich ja bereits hier berichtet. Ich musste also nur noch Macaronschalen machen. Wie das geht, habe ich hier ausf\u00c3\u00bchrlich gebloggt. Wollt Ihr meine Ergebnisse sehen?<\/p>\n","protected":false},"author":1,"featured_media":0,"comment_status":"open","ping_status":"open","sticky":false,"template":"","format":"standard","meta":{"_jetpack_newsletter_access":"","_jetpack_dont_email_post_to_subs":false,"_jetpack_newsletter_tier_id":0,"_jetpack_memberships_contains_paywalled_content":false,"_jetpack_memberships_contains_paid_content":false,"footnotes":""},"categories":[200,7],"tags":[87,756,746,77],"class_list":["post-12089","post","type-post","status-publish","format-standard","hentry","category-backstube","category-leckeres","tag-backen","tag-ganache","tag-macarons","tag-suesses"],"jetpack_sharing_enabled":true,"jetpack_shortlink":"https:\/\/wp.me\/pq7aY-38Z","jetpack_likes_enabled":true,"jetpack-related-posts":[],"jetpack_featured_media_url":"","_links":{"self":[{"href":"https:\/\/terragina.de\/blog\/wp-json\/wp\/v2\/posts\/12089","targetHints":{"allow":["GET"]}}],"collection":[{"href":"https:\/\/terragina.de\/blog\/wp-json\/wp\/v2\/posts"}],"about":[{"href":"https:\/\/terragina.de\/blog\/wp-json\/wp\/v2\/types\/post"}],"author":[{"embeddable":true,"href":"https:\/\/terragina.de\/blog\/wp-json\/wp\/v2\/users\/1"}],"replies":[{"embeddable":true,"href":"https:\/\/terragina.de\/blog\/wp-json\/wp\/v2\/comments?post=12089"}],"version-history":[{"count":0,"href":"https:\/\/terragina.de\/blog\/wp-json\/wp\/v2\/posts\/12089\/revisions"}],"wp:attachment":[{"href":"https:\/\/terragina.de\/blog\/wp-json\/wp\/v2\/media?parent=12089"}],"wp:term":[{"taxonomy":"category","embeddable":true,"href":"https:\/\/terragina.de\/blog\/wp-json\/wp\/v2\/categories?post=12089"},{"taxonomy":"post_tag","embeddable":true,"href":"https:\/\/terragina.de\/blog\/wp-json\/wp\/v2\/tags?post=12089"}],"curies":[{"name":"wp","href":"https:\/\/api.w.org\/{rel}","templated":true}]}}