{"id":12253,"date":"2015-01-14T16:02:59","date_gmt":"2015-01-14T15:02:59","guid":{"rendered":"http:\/\/terragina.de\/blog\/?p=12253"},"modified":"2015-01-14T17:33:10","modified_gmt":"2015-01-14T16:33:10","slug":"definition-winter","status":"publish","type":"post","link":"https:\/\/terragina.de\/blog\/2015\/01\/14\/definition-winter\/","title":{"rendered":"Definition Winter"},"content":{"rendered":"<p>Liebe Frau Wetterfee, lieber Herr Wetterfrosch oder wer oder was auch immer f\u00c3\u00bcr dieses Schmuddelwetter verantwortlich ist:<\/p>\n<p>Was bitte ist das da drau\u00c3\u0178en? Bei aktuell 8\u00c2\u00b0C blitzt und donnert es und regnet und regnet. Ein solches Wetter geh\u00c3\u00b6rt doch eigentlich in den Herbst.<br \/>\nOktober, November &#8211; ok.<\/p>\n<p>Wind und Sturm sind normalerweise daf\u00c3\u00bcr gedacht, die restlichen Bl\u00c3\u00a4tter von den B\u00c3\u00a4umen zu pusten. Brauchen Sie eine Brille? An diesen \u00c3\u201esten h\u00c3\u00a4ngt kaum noch ein Blatt und wir haben schon J-a-n-u-a-r.<\/p>\n<p><a data-mce-href=\"http:\/\/terragina.de\/blog\/wp-content\/uploads\/2015\/01\/schmuddelwetter.jpg\" href=\"http:\/\/terragina.de\/blog\/wp-content\/uploads\/2015\/01\/schmuddelwetter.jpg\" rel=\"lightbox[12253]\"><img loading=\"lazy\" decoding=\"async\" src=\"http:\/\/terragina.de\/blog\/wp-content\/uploads\/2015\/01\/schmuddelwetter.jpg\"  width=\"500\" height=\"375\" style=\"display: block; float: none; margin: 5px auto; max-height: none; max-width: 100%;\" data-mce-style=\"display: block; float: none; margin: 5px auto;\" data-position=\"1\" class=\"center\"\/><\/a><\/p>\n<p>Hier mal eine kleine Erinnerung, was wir eigentlich im Winter erwarten:<\/p>\n<p><img loading=\"lazy\" decoding=\"async\" style=\"margin: 5px auto; max-height: none; max-width: 100%; display: block; float: none;\" src=\"http:\/\/terragina.de\/blog\/wp-content\/uploads\/2015\/01\/winter_definition.jpg\" width=\"500\" height=\"134\" data-mce-style=\"display: block; float: none; margin: 5px auto;\" data-position=\"1\" class=\"center\"\/><\/p>\n<p><em>Tante Google<\/em> wei\u00c3\u0178 da eindeutig besser bescheid als Sie. Aber vielleicht arbeiten Sie ja noch daran und schicken uns den <strong>Winter<\/strong> noch einmal. Bevorzugt bitte am Wochenende, wenn ich nicht mit meinem kleinen roten Ph\u00c3\u00b6nix auf die Stra\u00c3\u0178e muss. Es darf auch gerne einfach nur kalt und sonnig und bitte nicht so windig sein.<\/p>\n<p align=\"center\"><strong>DANKE<\/strong><\/p>\n","protected":false},"excerpt":{"rendered":"<p>Liebe Frau Wetterfee, lieber Herr Wetterfrosch oder wer oder was auch immer f\u00c3\u00bcr dieses Schmuddelwetter verantwortlich ist: Was bitte ist das da drau\u00c3\u0178en? Bei aktuell 8\u00c2\u00b0C blitzt und donnert es und regnet und regnet. Ein solches Wetter geh\u00c3\u00b6rt doch eigentlich in den Herbst. Oktober, November &#8211; ok. Wind und Sturm sind normalerweise daf\u00c3\u00bcr gedacht, die restlichen Bl\u00c3\u00a4tter von den B\u00c3\u00a4umen zu pusten. Brauchen Sie eine Brille? An diesen \u00c3\u201esten h\u00c3\u00a4ngt kaum noch ein Blatt und wir haben schon J-a-n-u-a-r. Hier mal eine kleine Erinnerung, was wir eigentlich im Winter erwarten: Tante Google wei\u00c3\u0178 da eindeutig besser bescheid als Sie. Aber vielleicht arbeiten Sie ja noch daran und schicken uns den Winter noch einmal. Bevorzugt bitte am Wochenende, wenn ich nicht mit meinem kleinen roten Ph\u00c3\u00b6nix auf die Stra\u00c3\u0178e muss. Es darf auch gerne einfach nur kalt und sonnig und bitte nicht so windig sein. DANKE<\/p>\n","protected":false},"author":1,"featured_media":0,"comment_status":"open","ping_status":"open","sticky":false,"template":"","format":"standard","meta":{"_jetpack_newsletter_access":"","_jetpack_dont_email_post_to_subs":false,"_jetpack_newsletter_tier_id":0,"_jetpack_memberships_contains_paywalled_content":false,"_jetpack_memberships_contains_paid_content":false,"footnotes":""},"categories":[114],"tags":[364,293,66],"class_list":["post-12253","post","type-post","status-publish","format-standard","hentry","category-plauderecke","tag-jahreszeiten","tag-wetter","tag-winter"],"jetpack_sharing_enabled":true,"jetpack_shortlink":"https:\/\/wp.me\/pq7aY-3bD","jetpack_likes_enabled":true,"jetpack-related-posts":[],"jetpack_featured_media_url":"","_links":{"self":[{"href":"https:\/\/terragina.de\/blog\/wp-json\/wp\/v2\/posts\/12253","targetHints":{"allow":["GET"]}}],"collection":[{"href":"https:\/\/terragina.de\/blog\/wp-json\/wp\/v2\/posts"}],"about":[{"href":"https:\/\/terragina.de\/blog\/wp-json\/wp\/v2\/types\/post"}],"author":[{"embeddable":true,"href":"https:\/\/terragina.de\/blog\/wp-json\/wp\/v2\/users\/1"}],"replies":[{"embeddable":true,"href":"https:\/\/terragina.de\/blog\/wp-json\/wp\/v2\/comments?post=12253"}],"version-history":[{"count":0,"href":"https:\/\/terragina.de\/blog\/wp-json\/wp\/v2\/posts\/12253\/revisions"}],"wp:attachment":[{"href":"https:\/\/terragina.de\/blog\/wp-json\/wp\/v2\/media?parent=12253"}],"wp:term":[{"taxonomy":"category","embeddable":true,"href":"https:\/\/terragina.de\/blog\/wp-json\/wp\/v2\/categories?post=12253"},{"taxonomy":"post_tag","embeddable":true,"href":"https:\/\/terragina.de\/blog\/wp-json\/wp\/v2\/tags?post=12253"}],"curies":[{"name":"wp","href":"https:\/\/api.w.org\/{rel}","templated":true}]}}