{"id":12407,"date":"2015-01-25T17:37:27","date_gmt":"2015-01-25T16:37:27","guid":{"rendered":"http:\/\/terragina.de\/blog\/?p=12407"},"modified":"2015-01-26T10:21:00","modified_gmt":"2015-01-26T09:21:00","slug":"fertig-ist-der-erste-moebius","status":"publish","type":"post","link":"https:\/\/terragina.de\/blog\/2015\/01\/25\/fertig-ist-der-erste-moebius\/","title":{"rendered":"Fertig ist der erste M\u00c3\u00b6bius"},"content":{"rendered":"<p>Nach anf\u00c3\u00a4nglichen Schwierigkeiten und gestrigem 2-st\u00c3\u00bcndigem <em>Maschen anschlagen, ein, zwei Reihen stricken, wieder aufribbeln, neu aufnehmen etc.<\/em> habe ich es heute neuen Mutes im zweiten Anlauf geschafft. :dance:<\/p>\n<p>Mein <del>Samstags-<\/del> Sonntags-Projekt \u00e2\u20ac\u017eM\u00c3\u00b6bius-Schal\u00e2\u20ac\u0153 ist erfolgreich beendet. Und alles in allem habe ich glaube ich nicht mehr als 3 Stunden daf\u00c3\u00bcr gebraucht.<\/p>\n<p align=\"center\">:yeah:<\/p>\n<p><!--more--><\/p>\n<p>Verwendet habe ich die bereits <a data-mce-href=\"http:\/\/terragina.de\/blog\/2015\/01\/24\/wollprojekt\/\" href=\"http:\/\/terragina.de\/blog\/2015\/01\/24\/wollprojekt\/\" target=\"_blank\">gestern<\/a> hier gezeigte Austermann Merino Softy. Eine ganz wunderbar weiche, dicke Wolle, mit der jedes Strickst\u00c3\u00bcck ratz-fatz fertig gestellt ist.<\/p>\n<p>Hier ein paar Eckdaten:<\/p>\n<p><a data-mce-href=\"http:\/\/www.wollkontor-erlangen.de\/wolle-online\/Austermann-Merino-Softy-13-petrolblau\" href=\"http:\/\/www.wollkontor-erlangen.de\/wolle-online\/Austermann-Merino-Softy-13-petrolblau\" target=\"_blank\">Austermann Merino Softy<\/a><\/p>\n<ul>\n<li>98% Schurwolle, 2% Polyamid<\/li>\n<li>Farbe: 0013 Petrolblau<\/li>\n<li>Laufl\u00c3\u00a4nge: ca. 53 m<\/li>\n<li>Nadelst\u00c3\u00a4rke: 10-12, Seill\u00c3\u00a4nge 100 cm inkl. Nadeln<\/li>\n<li>Materialverbrauch: 2 Kn\u00c3\u00a4uel \u00c3\u00a1 50 g<\/li>\n<\/ul>\n<p><a data-mce-href=\"http:\/\/terragina.de\/blog\/wp-content\/uploads\/2015\/01\/moebius_00.jpg\" href=\"http:\/\/terragina.de\/blog\/wp-content\/uploads\/2015\/01\/moebius_00.jpg\" rel=\"lightbox[12407]\"><img loading=\"lazy\" decoding=\"async\" src=\"http:\/\/terragina.de\/blog\/wp-content\/uploads\/2015\/01\/moebius_00.jpg\" width=\"500\" height=\"375\" style=\"display: block; float: none; margin: 5px auto; max-height: none; max-width: 100%;\" data-mce-style=\"display: block; float: none; margin: 5px auto;\" data-position=\"3\" class=\"center\"\/><\/a><\/p>\n<p>Ich habe 54 Maschen angeschlagen, um einen Schal-Umfang von ca. 56 cm zu erhalten. Orientiert habe ich mich an <a data-mce-href=\"https:\/\/www.youtube.com\/watch?v=WoKi0t81JHg&amp;spfreload=10\" href=\"https:\/\/www.youtube.com\/watch?v=WoKi0t81JHg&amp;spfreload=10\" target=\"_blank\">diesem<\/a> von <a data-mce-href=\"http:\/\/frausonnenhut2009.blogspot.de\/2015\/01\/halswarmer.html\" href=\"http:\/\/frausonnenhut2009.blogspot.de\/2015\/01\/halswarmer.html\" target=\"_blank\">Frau Sonnenhut<\/a> empfohlenen Video.<\/p>\n<p>Da ich mich noch nicht getraut habe, ein kompliziertes Muster zu stricken, habe ich mich f\u00c3\u00bcr etwas sehr Einfaches entschieden:<\/p>\n<ul>\n<li>6 Runden rechte Maschen<\/li>\n<li>3 Runden linke Maschen<\/li>\n<li>6 Runden rechte Maschen<\/li>\n<li>3 Runden 2 Ma re, 2 Ma li<\/li>\n<li>Locker abketten<\/li>\n<\/ul>\n<p>Nachdem die Anschlags- und die erste Runde geschafft war, hat eigentlich alles prima geklappt. Dann nur noch zum Schluss alle F\u00c3\u00a4den vern\u00c3\u00a4ht und fertig war mein allererster M\u00c3\u00b6bius. Ich zeige Euch hier heute kein Trage-Foto, weil ich einen sehr gem\u00c3\u00bctlichen Tag hatte und ausserdem hat mich wieder mal ein wunderbarer Herpes heimgesucht. :( <em>Wie ich es hasse\u00e2\u20ac\u00a6<\/em><\/p>\n<p>Also gibt es an dieser Stelle heute nur noch ein weiteres Schal-Foto:<\/p>\n<p><a data-mce-href=\"http:\/\/terragina.de\/blog\/wp-content\/uploads\/2015\/01\/moebius_01.jpg\" href=\"http:\/\/terragina.de\/blog\/wp-content\/uploads\/2015\/01\/moebius_01.jpg\" rel=\"lightbox[12407]\"><img loading=\"lazy\" decoding=\"async\" src=\"http:\/\/terragina.de\/blog\/wp-content\/uploads\/2015\/01\/moebius_01.jpg\" width=\"500\" height=\"375\" style=\"display: block; float: none; margin: 5px auto; max-height: none; max-width: 100%;\" data-mce-style=\"display: block; float: none; margin: 5px auto;\" data-position=\"3\" class=\"center\"\/><\/a><\/p>\n<p>Liebe Uschi, ich danke Dir, dass Du mich mit Deinem Blogartikel angestachelt hast, es auch einmal auszuprobieren. W\u00c3\u00a4re doch schade um die sch\u00c3\u00b6ne Wolle, wenn sie in ihrer Kiste nur ein langweiliges Dasein fristet. ;)<\/p>\n<p><em>Es hat wieder einmal gro\u00c3\u0178en Spa\u00c3\u0178 gemacht!<\/em><\/p>\n<p>Habt ihr auch schon mal einen M\u00c3\u00b6biusschal oder ein -tuch gestrickt? Welche Wolle habt Ihr verwendet?<\/p>\n","protected":false},"excerpt":{"rendered":"<p>Nach anf\u00c3\u00a4nglichen Schwierigkeiten und gestrigem 2-st\u00c3\u00bcndigem Maschen anschlagen, ein, zwei Reihen stricken, wieder aufribbeln, neu aufnehmen etc. habe ich es heute neuen Mutes im zweiten Anlauf geschafft. :dance: Mein Samstags- Sonntags-Projekt \u00e2\u20ac\u017eM\u00c3\u00b6bius-Schal\u00e2\u20ac\u0153 ist erfolgreich beendet. Und alles in allem habe ich glaube ich nicht mehr als 3 Stunden daf\u00c3\u00bcr gebraucht. :yeah:<\/p>\n","protected":false},"author":1,"featured_media":0,"comment_status":"open","ping_status":"open","sticky":false,"template":"","format":"standard","meta":{"_jetpack_newsletter_access":"","_jetpack_dont_email_post_to_subs":false,"_jetpack_newsletter_tier_id":0,"_jetpack_memberships_contains_paywalled_content":false,"_jetpack_memberships_contains_paid_content":false,"footnotes":""},"categories":[47],"tags":[22,779,778,777],"class_list":["post-12407","post","type-post","status-publish","format-standard","hentry","category-kreativ","tag-kreatives","tag-moebius","tag-stricken","tag-wolle"],"jetpack_sharing_enabled":true,"jetpack_shortlink":"https:\/\/wp.me\/pq7aY-3e7","jetpack_likes_enabled":true,"jetpack-related-posts":[],"jetpack_featured_media_url":"","_links":{"self":[{"href":"https:\/\/terragina.de\/blog\/wp-json\/wp\/v2\/posts\/12407","targetHints":{"allow":["GET"]}}],"collection":[{"href":"https:\/\/terragina.de\/blog\/wp-json\/wp\/v2\/posts"}],"about":[{"href":"https:\/\/terragina.de\/blog\/wp-json\/wp\/v2\/types\/post"}],"author":[{"embeddable":true,"href":"https:\/\/terragina.de\/blog\/wp-json\/wp\/v2\/users\/1"}],"replies":[{"embeddable":true,"href":"https:\/\/terragina.de\/blog\/wp-json\/wp\/v2\/comments?post=12407"}],"version-history":[{"count":0,"href":"https:\/\/terragina.de\/blog\/wp-json\/wp\/v2\/posts\/12407\/revisions"}],"wp:attachment":[{"href":"https:\/\/terragina.de\/blog\/wp-json\/wp\/v2\/media?parent=12407"}],"wp:term":[{"taxonomy":"category","embeddable":true,"href":"https:\/\/terragina.de\/blog\/wp-json\/wp\/v2\/categories?post=12407"},{"taxonomy":"post_tag","embeddable":true,"href":"https:\/\/terragina.de\/blog\/wp-json\/wp\/v2\/tags?post=12407"}],"curies":[{"name":"wp","href":"https:\/\/api.w.org\/{rel}","templated":true}]}}