{"id":12502,"date":"2015-02-01T09:11:51","date_gmt":"2015-02-01T08:11:51","guid":{"rendered":"http:\/\/terragina.de\/blog\/?p=12502"},"modified":"2015-02-01T09:13:34","modified_gmt":"2015-02-01T08:13:34","slug":"ein-hauch-von-winter","status":"publish","type":"post","link":"https:\/\/terragina.de\/blog\/2015\/02\/01\/ein-hauch-von-winter\/","title":{"rendered":"Ein Hauch von Winter"},"content":{"rendered":"<p>\u00e2\u20ac\u00a6 kam \u00c3\u00bcber Nacht auch in Hessens Niederungen an. Schnell ein paar Fotos machen, bevor die wei\u00c3\u0178e Pracht wieder verschwunden ist. ;)<\/p>\n<p><a data-mce-href=\"http:\/\/terragina.de\/blog\/wp-content\/uploads\/2015\/02\/winterhauch.jpg\" href=\"http:\/\/terragina.de\/blog\/wp-content\/uploads\/2015\/02\/winterhauch.jpg\" rel=\"lightbox[12502]\"><img loading=\"lazy\" decoding=\"async\" src=\"http:\/\/terragina.de\/blog\/wp-content\/uploads\/2015\/02\/winterhauch.jpg\"  width=\"500\" height=\"500\" style=\"display: block; float: none; margin: 5px auto; max-height: none; max-width: 100%;\" data-mce-style=\"display: block; float: none; margin: 5px auto;\" data-position=\"1\" class=\"center\"\/><\/a><\/p>\n<p><br data-mce-bogus=\"1\"\/><\/p>\n<p><em>Ich w\u00c3\u00bcnsche Euch einen sch\u00c3\u00b6nen Sonntag und viel Spa\u00c3\u0178 bei allem, was Ihr tut!<\/em><\/p>\n","protected":false},"excerpt":{"rendered":"<p>\u00e2\u20ac\u00a6 kam \u00c3\u00bcber Nacht auch in Hessens Niederungen an. Schnell ein paar Fotos machen, bevor die wei\u00c3\u0178e Pracht wieder verschwunden ist. ;) Ich w\u00c3\u00bcnsche Euch einen sch\u00c3\u00b6nen Sonntag und viel Spa\u00c3\u0178 bei allem, was Ihr tut!<\/p>\n","protected":false},"author":1,"featured_media":0,"comment_status":"open","ping_status":"open","sticky":false,"template":"","format":"standard","meta":{"_jetpack_newsletter_access":"","_jetpack_dont_email_post_to_subs":false,"_jetpack_newsletter_tier_id":0,"_jetpack_memberships_contains_paywalled_content":false,"_jetpack_memberships_contains_paid_content":false,"footnotes":""},"categories":[2],"tags":[421,247,534,66],"class_list":["post-12502","post","type-post","status-publish","format-standard","hentry","category-foto","tag-fotoalbum","tag-garten","tag-schnee","tag-winter"],"jetpack_sharing_enabled":true,"jetpack_shortlink":"https:\/\/wp.me\/pq7aY-3fE","jetpack_likes_enabled":true,"jetpack-related-posts":[],"jetpack_featured_media_url":"","_links":{"self":[{"href":"https:\/\/terragina.de\/blog\/wp-json\/wp\/v2\/posts\/12502","targetHints":{"allow":["GET"]}}],"collection":[{"href":"https:\/\/terragina.de\/blog\/wp-json\/wp\/v2\/posts"}],"about":[{"href":"https:\/\/terragina.de\/blog\/wp-json\/wp\/v2\/types\/post"}],"author":[{"embeddable":true,"href":"https:\/\/terragina.de\/blog\/wp-json\/wp\/v2\/users\/1"}],"replies":[{"embeddable":true,"href":"https:\/\/terragina.de\/blog\/wp-json\/wp\/v2\/comments?post=12502"}],"version-history":[{"count":0,"href":"https:\/\/terragina.de\/blog\/wp-json\/wp\/v2\/posts\/12502\/revisions"}],"wp:attachment":[{"href":"https:\/\/terragina.de\/blog\/wp-json\/wp\/v2\/media?parent=12502"}],"wp:term":[{"taxonomy":"category","embeddable":true,"href":"https:\/\/terragina.de\/blog\/wp-json\/wp\/v2\/categories?post=12502"},{"taxonomy":"post_tag","embeddable":true,"href":"https:\/\/terragina.de\/blog\/wp-json\/wp\/v2\/tags?post=12502"}],"curies":[{"name":"wp","href":"https:\/\/api.w.org\/{rel}","templated":true}]}}