{"id":12653,"date":"2015-02-09T16:59:14","date_gmt":"2015-02-09T15:59:14","guid":{"rendered":"http:\/\/terragina.de\/blog\/?p=12653"},"modified":"2015-02-10T06:45:16","modified_gmt":"2015-02-10T05:45:16","slug":"alte-und-neue-rechtschreibung","status":"publish","type":"post","link":"https:\/\/terragina.de\/blog\/2015\/02\/09\/alte-und-neue-rechtschreibung\/","title":{"rendered":"Alte und Neue Rechtschreibung"},"content":{"rendered":"<p>Eigentlich kann man das ja kaum noch schreiben &#8211; alte und neue Rechtschreibung. Wurde doch die \u00e2\u20ac\u017eneue\u00e2\u20ac\u0153 Rechtschreibung im Jahre 2005 langsam eingef\u00c3\u00bchrt und seit August 2007 komplett auf neue Rechtschreibung umgestellt.&nbsp;<\/p>\n<p>Ich erinnere mich, dass ich eine sehr gute Sch\u00c3\u00bclerin in Diktaten war. Beim richtigen Schreiben machte mir so schnell keiner etwas vor. Das hat sich mit den ganzen Umstellungen aber leider etwas zum Nachteil ge\u00c3\u00a4ndert. Immer wieder erwische ich mich, wie ich mir Worte wieder und wieder vorsage und mich bem\u00c3\u00bche, die korrekte Schreibweise zu verinnerlichen.<\/p>\n<p><!--more--><\/p>\n<p>Doch dann habe ich wieder das Problem: Fu\u00c3\u0178 mit \u00e2\u20ac\u017e\u00c3\u0178\u00e2\u20ac\u0153 oder doch mit \u00e2\u20ac\u017ess\u00e2\u20ac\u0153? Wenn ich jetzt richtig liege, hei\u00c3\u0178t <em>(oder heisst)<\/em> es immer noch Fu\u00c3\u0178. Dem steht aber der Fluss oder der Biss gegen\u00c3\u00bcber. Und warum? Ganz einfach: Weil nach einem kurz gesprochenen Vokal eben das \u00c3\u0178 zu einem ss wird und bei einem lang gesprochenen Vokal das \u00c3\u0178 bleiben darf. <em>Aha!<\/em><\/p>\n<p><strong>K\u00c3\u00b6nnt Ihr Euch das merken? Wie geht Ihr da draussen, die ihr vielleicht noch etwas vor&nbsp;der 40 oder auch schon dar\u00c3\u00bcber seid, mit den ganzen Rechtschreib-Regeln um? Habt Ihr das alles verinnerlicht?<\/strong><\/p>\n<p>Dann gibt es da noch die Schreibweisen-\u00c3\u201enderungen, die <em>aus meiner Sicht<\/em>&nbsp;einfach nur gruselig&nbsp;aussehen: Aus dem guten alten Dekollet\u00c3\u00a9 wird das <em>Dekolletee<\/em>, aus Portemonnaie wird <em>Portmonee<\/em>. Gottlob d\u00c3\u00bcrfen aber die alten Schreibweisen weiterhin verwendet werden und sind auch noch laut Duden richtig. :razz: <em>Gl\u00c3\u00bcck gehabt.<\/em><\/p>\n<p>Ihr wollt noch mehr? Wie gefallen Euch diese Worte: Aus Ladies wurde Ladys, aus aus Stories wurden Storys.&nbsp;<\/p>\n<p>Es gibt noch viel viel mehr Regeln (alles in allem 169 St\u00c3\u00bcck), aber die alle hier zu bloggen, w\u00c3\u00bcrde den Rahmen sprengen. Wer es ganz genau wissen m\u00c3\u00b6chte, kann ja einfach <a href=\"http:\/\/www.duden.de\/sprachwissen\/sprachratgeber\/crashkurs--in-25-schritten-zur-neuen-rechtschreibung\" target=\"_blank\">hier<\/a> nachsehen. ;)<\/p>\n<p>Mich w\u00c3\u00bcrde jetzt&nbsp;nur Eure Meinung dazu interessieren. Und ich selber freue mich, dass diese Regeln immer noch online zu finden sind und ich das ein oder andere Wort bzw. seine Schreibweise schnell bei Tante Google nachsehen kann. :yes1:<\/p>\n<p><em>Und wer trotzdem noch Rechtschreibfehler findet, sehe es mir bitte nach!<\/em><\/p>\n<p align=\"center\">\u00e2\u2122\u00a5\u00ef\u00b8\u017d\u00e2\u2122\u00a5\u00ef\u00b8\u017d\u00e2\u2122\u00a5\u00ef\u00b8\u017d\u00e2\u2122\u00a5\u00ef\u00b8\u017d\u00e2\u2122\u00a5\u00ef\u00b8\u017d\u00e2\u2122\u00a5\u00ef\u00b8\u017d\u00e2\u2122\u00a5\u00ef\u00b8\u017d\u00e2\u2122\u00a5\u00ef\u00b8\u017d\u00e2\u2122\u00a5\u00ef\u00b8\u017d\u00e2\u2122\u00a5\u00ef\u00b8\u017d\u00e2\u2122\u00a5\u00ef\u00b8\u017d\u00e2\u2122\u00a5\u00ef\u00b8\u017d\u00e2\u2122\u00a5\u00ef\u00b8\u017d\u00e2\u2122\u00a5\u00ef\u00b8\u017d\u00e2\u2122\u00a5\u00ef\u00b8\u017d<\/p>\n<p>Was gibt es sonst noch heute? Ich habe den ersten Arbeitstag gut hinter mich gebracht. Highlight des Tages war das gemeinsame Mittagessen mit Kollegen im <a data-mce-href=\"http:\/\/www.hoechsterkebaphaus.de\" href=\"http:\/\/www.hoechsterkebaphaus.de\" target=\"_blank\">Kebaphaus<\/a> in Ffm-H\u00c3\u00b6chst. Schon ewig hatte ich keinen D\u00c3\u00b6ner mehr gegegessen.<\/p>\n<p>Nach Feierabend dann noch schnell zum Lieblings-Supermarkt. Und sie waren noch da &#8211; die leckeren Smoothies mit den M\u00c3\u00bctzchen. Kennt Ihr <a data-mce-href=\"http:\/\/www.dasgrossestricken.de\" href=\"http:\/\/www.dasgrossestricken.de\" target=\"_blank\">diese<\/a> Aktion? Seit 2011 schon ruft die Firma Innocent dazu&nbsp;auf, M\u00c3\u00bctzchen f\u00c3\u00bcr den guten Zweck zu stricken oder zu h\u00c3\u00a4keln. Je 20ct pro verkauftem bem\u00c3\u00bctztem Smoothie gehen an das Rote Kreuz, um \u00c3\u00a4ltere Menschen&nbsp;warm durch den Winter zu bringen. :daumen:<\/p>\n<p>Ich selber habe auch schon zwei Versuche gestartet, aber irgendwie war meine Wolle zu d\u00c3\u00bcnn und ich war mit den Ergebnissen nicht zufrieden genug, um sie zu Innocent zu schicken. :blush2:<\/p>\n<p>Derzeit gibt es die <em>bem\u00c3\u00bctzten<\/em> Smoothies wieder \u00c3\u00bcberall zu kaufen. Hier bei uns heute allerdings nur noch Restbest\u00c3\u00a4nde. Der Hobbykoch hatte letzten Freitag zugeschlagen, da gab es noch einige zur Auswahl. :dance:<\/p>\n<p><a data-mce-href=\"http:\/\/terragina.de\/blog\/wp-content\/uploads\/2015\/02\/innocent_01.jpg\" href=\"http:\/\/terragina.de\/blog\/wp-content\/uploads\/2015\/02\/innocent_01.jpg\" rel=\"lightbox[12653]\"><img loading=\"lazy\" decoding=\"async\" style=\"margin: 5px auto; max-height: none; max-width: 100%; display: block; float: none;\" src=\"http:\/\/terragina.de\/blog\/wp-content\/uploads\/2015\/02\/innocent_01.jpg\" width=\"500\" height=\"375\" data-mce-style=\"display: block; float: none; margin: 5px auto;\" data-position=\"1\" class=\"center\"\/><\/a><\/p>\n<p><a data-mce-href=\"http:\/\/terragina.de\/blog\/wp-content\/uploads\/2015\/02\/innocent_02.jpg\" href=\"http:\/\/terragina.de\/blog\/wp-content\/uploads\/2015\/02\/innocent_02.jpg\" rel=\"lightbox[12653]\"><img loading=\"lazy\" decoding=\"async\" style=\"margin: 5px auto; max-height: none; max-width: 100%; display: block; float: none;\" src=\"http:\/\/terragina.de\/blog\/wp-content\/uploads\/2015\/02\/innocent_02.jpg\" width=\"500\" height=\"667\" data-mce-style=\"display: block; float: none; margin: 5px auto;\" data-position=\"1\" class=\"center\"\/><\/a><\/p>\n<p>Ich finde die Aktion gro\u00c3\u0178artig und werde schauen, dass ich f\u00c3\u00bcr die n\u00c3\u00a4chste Saison auch ein paar Exemplare beisteuern kann. Ist ja f\u00c3\u00bcr den guten Zweck!<\/p>\n<p><em>Und unsere sonnt\u00c3\u00a4glichen Fr\u00c3\u00bchst\u00c3\u00bcckseier haben langsam einen recht vollen Kleiderschrank.<\/em> ;)<\/p>\n<div class=\"image-size mceNonEditable\" data-mce-bogus=\"true\" id=\"plate\" contenteditable=\"false\" style=\"display: none; -webkit-transform: translateZ(0px); top: 5px; left: 178.5px;\" data-size=\"500x375\" data-mce-style=\"display: none; -webkit-transform: translateZ(0); top: 5px; left: 178.5px;\"><\/div>\n","protected":false},"excerpt":{"rendered":"<p>Eigentlich kann man das ja kaum noch schreiben &#8211; alte und neue Rechtschreibung. Wurde doch die \u00e2\u20ac\u017eneue\u00e2\u20ac\u0153 Rechtschreibung im Jahre 2005 langsam eingef\u00c3\u00bchrt und seit August 2007 komplett auf neue Rechtschreibung umgestellt.&nbsp; Ich erinnere mich, dass ich eine sehr gute Sch\u00c3\u00bclerin in Diktaten war. Beim richtigen Schreiben machte mir so schnell keiner etwas vor. Das hat sich mit den ganzen Umstellungen aber leider etwas zum Nachteil ge\u00c3\u00a4ndert. Immer wieder erwische ich mich, wie ich mir Worte wieder und wieder vorsage und mich bem\u00c3\u00bche, die korrekte Schreibweise zu verinnerlichen.<\/p>\n","protected":false},"author":1,"featured_media":0,"comment_status":"open","ping_status":"open","sticky":false,"template":"","format":"standard","meta":{"_jetpack_newsletter_access":"","_jetpack_dont_email_post_to_subs":false,"_jetpack_newsletter_tier_id":0,"_jetpack_memberships_contains_paywalled_content":false,"_jetpack_memberships_contains_paid_content":false,"footnotes":""},"categories":[114],"tags":[806,804,803,805,563,778],"class_list":["post-12653","post","type-post","status-publish","format-standard","hentry","category-plauderecke","tag-aktion","tag-haekeln","tag-innocent","tag-muetze","tag-rechtschreibung","tag-stricken"],"jetpack_sharing_enabled":true,"jetpack_shortlink":"https:\/\/wp.me\/pq7aY-3i5","jetpack_likes_enabled":true,"jetpack-related-posts":[],"jetpack_featured_media_url":"","_links":{"self":[{"href":"https:\/\/terragina.de\/blog\/wp-json\/wp\/v2\/posts\/12653","targetHints":{"allow":["GET"]}}],"collection":[{"href":"https:\/\/terragina.de\/blog\/wp-json\/wp\/v2\/posts"}],"about":[{"href":"https:\/\/terragina.de\/blog\/wp-json\/wp\/v2\/types\/post"}],"author":[{"embeddable":true,"href":"https:\/\/terragina.de\/blog\/wp-json\/wp\/v2\/users\/1"}],"replies":[{"embeddable":true,"href":"https:\/\/terragina.de\/blog\/wp-json\/wp\/v2\/comments?post=12653"}],"version-history":[{"count":0,"href":"https:\/\/terragina.de\/blog\/wp-json\/wp\/v2\/posts\/12653\/revisions"}],"wp:attachment":[{"href":"https:\/\/terragina.de\/blog\/wp-json\/wp\/v2\/media?parent=12653"}],"wp:term":[{"taxonomy":"category","embeddable":true,"href":"https:\/\/terragina.de\/blog\/wp-json\/wp\/v2\/categories?post=12653"},{"taxonomy":"post_tag","embeddable":true,"href":"https:\/\/terragina.de\/blog\/wp-json\/wp\/v2\/tags?post=12653"}],"curies":[{"name":"wp","href":"https:\/\/api.w.org\/{rel}","templated":true}]}}