{"id":12946,"date":"2015-02-20T11:19:02","date_gmt":"2015-02-20T10:19:02","guid":{"rendered":"http:\/\/terragina.de\/blog\/?p=12946"},"modified":"2015-02-20T11:19:02","modified_gmt":"2015-02-20T10:19:02","slug":"die-ersten-fruehlingsboten","status":"publish","type":"post","link":"https:\/\/terragina.de\/blog\/2015\/02\/20\/die-ersten-fruehlingsboten\/","title":{"rendered":"Die ersten Fr\u00c3\u00bchlingsboten"},"content":{"rendered":"<p>Vor zwei, drei Tagen habe ich sie mehr oder weniger zuf\u00c3\u00a4llig&nbsp;aus der Erde spitzen sehen, die ersten Fr\u00c3\u00bchlingsboten. Wahrscheinlich hervorgelockt von den Sonnenstrahlen vor ein paar Tagen. <em>Seit vorgestern ist es ja bei uns wieder mehr einheitsgrau und auch empfindlich kalt.<\/em><\/p>\n<p><!--more--><\/p>\n<p>Aber sie trotzen dem Winter, die ersten Schneegl\u00c3\u00b6ckchen und nach der ganzen Aufregung heute morgen habe ich mir meine Kamera geschnappt und Fotos gemacht.&nbsp;<\/p>\n<p><a data-mce-href=\"http:\/\/terragina.de\/blog\/wp-content\/uploads\/2015\/02\/schneegloeckchen_01.jpg\" href=\"http:\/\/terragina.de\/blog\/wp-content\/uploads\/2015\/02\/schneegloeckchen_01.jpg\" rel=\"lightbox[12946]\"><img loading=\"lazy\" decoding=\"async\" src=\"http:\/\/terragina.de\/blog\/wp-content\/uploads\/2015\/02\/schneegloeckchen_01.jpg\" width=\"501\" height=\"376\" style=\"display: block; float: none; margin: 5px auto; max-height: none; max-width: 100%;\" data-mce-style=\"display: block; float: none; margin: 5px auto;\" data-position=\"1\" class=\"center\"\/><\/a><\/p>\n<p><a data-mce-href=\"http:\/\/terragina.de\/blog\/wp-content\/uploads\/2015\/02\/schneegloeckchen_02.jpg\" href=\"http:\/\/terragina.de\/blog\/wp-content\/uploads\/2015\/02\/schneegloeckchen_02.jpg\" rel=\"lightbox[12946]\"><img loading=\"lazy\" decoding=\"async\" src=\"http:\/\/terragina.de\/blog\/wp-content\/uploads\/2015\/02\/schneegloeckchen_02.jpg\" width=\"501\" height=\"376\" style=\"display: block; float: none; margin: 5px auto; max-height: none; max-width: 100%;\" data-mce-style=\"display: block; float: none; margin: 5px auto;\" data-position=\"1\" class=\"center\"\/><\/a><\/p>\n<p>Manch einer fragt sich jetzt vielleicht: \u00e2\u20ac\u017eWas f\u00c3\u00bcr eine Aufregung?\u00e2\u20ac\u009d Das m\u00c3\u00b6chte ich Euch gerne erkl\u00c3\u00a4ren:<\/p>\n<p>Es war mal wieder soweit und es gab gestern ein Update von WordPress. Version 4.1.1. Ein Blick &nbsp;in&nbsp;den Adminbereich&nbsp;gen\u00c3\u00bcgt &#8211; die Meldung <em>Neues Update verf\u00c3\u00bcgbar<\/em> ist nahezu un\u00c3\u00bcbersehbar. :oh: Zeitgleich&nbsp;damit ist auch dieser innere Zwang da, sofort den Blog auf den neuesten Stand bringen zu m\u00c3\u00bcssen. Also zumindest ist das bei&nbsp;mir so.<\/p>\n<p>Was mache ich also? Ich versuche als erstes, meinen Blog automatisch upzudaten. Leider sehe ich aber nach der Eingabe meines Passworts nur einen wei\u00c3\u0178en Bildschirm. <em>Merkw\u00c3\u00bcrdig &#8211; sonst hat das doch immer einwandfrei geklappt?<\/em><\/p>\n<p>Aber das ging&nbsp;wohl auch vielen anderen so, wie mich ein Blick in die Foren aufkl\u00c3\u00a4rte. Und wie ich halt so bin, versuchte ich irgendwie, meinem Blog doch seine Aktualisierung zukommen zu lassen. Mit dem niederschmetternden Ergebnis, dass ich heute morgen zwar den Freitags-F\u00c3\u00bcller noch vor 6 Uhr geschrieben hatte, aber leider beim Blick auf meine Blog-Seite nur eine dicke Fehlermeldung sah. Und zwar bei s\u00c3\u00a4mtlichen Artikeln, Seiten etc. :-( <em>Ich sah schon meine komplette mySQL-Datenbank im Nirwana des Webs verschwinden.<\/em><\/p>\n<p>Ok, das musste nun leider warten, weil ich den Hobbykoch zu einem wichtigen Termin fahren musste. Vorher schrieb ich aber noch schnell ein Bitte-Bitte-Mail an meinen Webhoster von <a data-mce-href=\"http:\/\/www.w3w.de\" href=\"http:\/\/www.w3w.de\" target=\"_blank\">w3w<\/a>.<\/p>\n<p>Als ich wieder daheim war sah ich, dass ich die Mail zwar geschrieben, aber nicht los geschickt hatte. :oh: Also schnell aufs Kn\u00c3\u00b6pfchen gedr\u00c3\u00bcckt und binnen einer halben Stunde hatte ich schon Antwort. Das Team von w3w ist einfach gro\u00c3\u0178artig. Schlie\u00c3\u0178lich war es nicht das erste Mal, dass sie mir schnell und unkompliziert aus der Patsche halfen.<\/p>\n<p><strong>Ein dickes Dankesch\u00c3\u00b6n an dieser Stelle an die Jungs von w3w.<\/strong> Und Gott sei Dank <strong>Entwarnung<\/strong> &#8211; eine kleine, aber ach so wichtige, Datei (.htaccess) hatte sich wohl irgendwie schon bei meiner abendlichen Aktion gestern verabschiedet und wurde vom w3w-Team einfach wieder aufgespielt.<\/p>\n<p>Jetzt l\u00c3\u00a4uft alles wie gewohnt und ich bin happy. :dance:<\/p>\n<p><em>Das sind die Momente, wo ich mir w\u00c3\u00bcnschen w\u00c3\u00bcrde, meinen Blog nicht auf einer selbstgehosteten Seite, sondern bei WP direkt liegen zu haben. Aber bisher habe ich, mal mit, mal ohne Hilfe, immer wieder alles hinbekommen.<\/em> ;)<\/p>\n<div class=\"image-size mceNonEditable\" data-mce-bogus=\"true\" id=\"plate\" contenteditable=\"false\" style=\"display: none; -webkit-transform: translateZ(0px); top: 572px; left: 178px;\" data-size=\"501x376\" data-mce-style=\"display: none; -webkit-transform: translateZ(0); top: 572px; left: 178px;\"><\/div>\n","protected":false},"excerpt":{"rendered":"<p>Vor zwei, drei Tagen habe ich sie mehr oder weniger zuf\u00c3\u00a4llig&nbsp;aus der Erde spitzen sehen, die ersten Fr\u00c3\u00bchlingsboten. Wahrscheinlich hervorgelockt von den Sonnenstrahlen vor ein paar Tagen. Seit vorgestern ist es ja bei uns wieder mehr einheitsgrau und auch empfindlich kalt.<\/p>\n","protected":false},"author":1,"featured_media":0,"comment_status":"open","ping_status":"open","sticky":false,"template":"","format":"standard","meta":{"_jetpack_newsletter_access":"","_jetpack_dont_email_post_to_subs":false,"_jetpack_newsletter_tier_id":0,"_jetpack_memberships_contains_paywalled_content":false,"_jetpack_memberships_contains_paid_content":false,"footnotes":""},"categories":[2,13],"tags":[975,422,146,226,828,962],"class_list":["post-12946","post","type-post","status-publish","format-standard","hentry","category-foto","category-wordpress","tag-blumen","tag-fotos","tag-fruehling","tag-pflanzen","tag-update","tag-wordpress"],"jetpack_sharing_enabled":true,"jetpack_shortlink":"https:\/\/wp.me\/pq7aY-3mO","jetpack_likes_enabled":true,"jetpack-related-posts":[],"jetpack_featured_media_url":"","_links":{"self":[{"href":"https:\/\/terragina.de\/blog\/wp-json\/wp\/v2\/posts\/12946","targetHints":{"allow":["GET"]}}],"collection":[{"href":"https:\/\/terragina.de\/blog\/wp-json\/wp\/v2\/posts"}],"about":[{"href":"https:\/\/terragina.de\/blog\/wp-json\/wp\/v2\/types\/post"}],"author":[{"embeddable":true,"href":"https:\/\/terragina.de\/blog\/wp-json\/wp\/v2\/users\/1"}],"replies":[{"embeddable":true,"href":"https:\/\/terragina.de\/blog\/wp-json\/wp\/v2\/comments?post=12946"}],"version-history":[{"count":0,"href":"https:\/\/terragina.de\/blog\/wp-json\/wp\/v2\/posts\/12946\/revisions"}],"wp:attachment":[{"href":"https:\/\/terragina.de\/blog\/wp-json\/wp\/v2\/media?parent=12946"}],"wp:term":[{"taxonomy":"category","embeddable":true,"href":"https:\/\/terragina.de\/blog\/wp-json\/wp\/v2\/categories?post=12946"},{"taxonomy":"post_tag","embeddable":true,"href":"https:\/\/terragina.de\/blog\/wp-json\/wp\/v2\/tags?post=12946"}],"curies":[{"name":"wp","href":"https:\/\/api.w.org\/{rel}","templated":true}]}}