{"id":12953,"date":"2015-02-21T10:28:57","date_gmt":"2015-02-21T09:28:57","guid":{"rendered":"http:\/\/terragina.de\/blog\/?p=12953"},"modified":"2015-02-21T15:20:45","modified_gmt":"2015-02-21T14:20:45","slug":"tag-der-muttersprache","status":"publish","type":"post","link":"https:\/\/terragina.de\/blog\/2015\/02\/21\/tag-der-muttersprache\/","title":{"rendered":"Tag der Muttersprache"},"content":{"rendered":"<p>Vielleicht hat der\/die ein oder andere von Euch ja heute schon geh\u00c3\u00b6rt, dass heute der&nbsp;<strong>Tag der Muttersprache<\/strong>&nbsp;ist. Und ab und zu berichte ich ja hier \u00c3\u00bcber die diversen Themen, die man sich so f\u00c3\u00bcr jeden einzelnen Tag des Jahres ausgedacht hat.<\/p>\n<p><!--more--><\/p>\n<p align=\"center\">Heute also der <a data-mce-href=\"http:\/\/www.kleiner-kalender.de\/event\/tag-der-muttersprache\/18711.html\" href=\"http:\/\/www.kleiner-kalender.de\/event\/tag-der-muttersprache\/18711.html\" target=\"_blank\">Tag der Muttersprache<\/a>.<\/p>\n<p><a data-mce-href=\"http:\/\/terragina.de\/blog\/wp-content\/uploads\/2015\/02\/tag_der_muttersprache.jpg\" href=\"http:\/\/terragina.de\/blog\/wp-content\/uploads\/2015\/02\/tag_der_muttersprache.jpg\" rel=\"lightbox[12953]\"><img loading=\"lazy\" decoding=\"async\" src=\"http:\/\/terragina.de\/blog\/wp-content\/uploads\/2015\/02\/tag_der_muttersprache.jpg\"  width=\"500\" height=\"375\" style=\"display: block; float: none; margin: 5px auto;\" data-mce-style=\"display: block; float: none; margin: 5px auto;\" data-position=\"1\" class=\"center\"\/><\/a><\/p>\n<h3 align=\"center\">\u00ef\u00bb\u00bfWas mir dazu einf\u00c3\u00a4llt\u00ef\u00bb\u00bf<\/h3>\n<p align=\"left\">Was bedeutet eigentlich das Wort <strong>Muttersprache<\/strong>?<\/p>\n<p align=\"left\">Laut Wiki wird die Sprache als Muttersprache bezeichnet, die man in der fr\u00c3\u00bchen Kindheit ohne formalen Unterricht gelernt hat. Diese pr\u00c3\u00a4gt sich in der Lautgestalt sowie in der formalen und grammatikalischen Struktur so tief ein, dass sie vom Sprecher nahezu automatisiert beherrscht wird. Es wird davon ausgegangen, dass ab der Pubert\u00c3\u00a4t keine andere bzw. weitere Sprache mehr diesen Platz einnehmen kann.<\/p>\n<p>Darauf basierend ist also meine Muttersprache Deutsch und daher m\u00c3\u00b6chte ich jetzt und hier nur auf meine Muttersprache eingehen. <em>Nat\u00c3\u00bcrlich handelt es sich um einen internationalen Tag &#8211; jeder ist also dazu aufgerufen, sich vielleicht ein paar Gedanken dazu zu machen.<\/em><\/p>\n<p>Vor allem f\u00c3\u00a4llt mir dazu ein, dass unser Deutsch mehr und mehr verunstaltet wird, was ich sehr schade finde. Ob es sich dabei um Sprachverfall oder um Sprachwandel handelt, sei einmal dahin gestellt.<\/p>\n<p>Da gibt es W\u00c3\u00b6rter im deutschen Wortschatz, die ich noch nie in meinem Leben geh\u00c3\u00b6rt habe. Bevorzugt genutzt&nbsp;von unserer Jugend. Und mal ehrlich &#8211; findet Ihr das nicht auch ein bisschen schade? Oder stehe ich da mit meinen Ansichten allein auf weiter Flur?<\/p>\n<p><em>Telen<\/em>, <em>funzen<\/em> und <em>Saftschubse<\/em> sind da noch die harmloseren Beispiele, deren Zuordnung mir auch gel\u00c3\u00a4ufig ist. Bei <em>Gripsr\u00c3\u00a4ver<\/em> (schneller Denker), <em>Supporter<\/em> (Eltern) oder <em>Lotter<\/em> (Spa\u00c3\u0178vogel, Witzbold), wird es dann schon schwieriger. Hand aufs Herz &#8211; h\u00c3\u00a4ttet Ihr`s gewusst?<\/p>\n<p>Dazu kommt noch der mehr und mehr um sich greifende Anglizismus. Jeder muss selber wissen, wie er dazu steht, aber mir pers\u00c3\u00b6nlich stellt sich die Frage, warum beispielsweise aus der \u00e2\u20ac\u017eNudel\u00e2\u20ac\u0153 unbedingt eine \u00e2\u20ac\u017eNoodle\u00e2\u20ac\u0153 gemacht werden muss? Nat\u00c3\u00bcrlich gibt es auch viele W\u00c3\u00b6rter, die einen festen Platz in der deutschen Sprache eingenommen haben. Wie z.B. eMail oder Meeting, die einen festen Platz in der deutschen Sprache haben.<\/p>\n<p>Wenn man sich dar\u00c3\u00bcber mal Gedanken macht, f\u00c3\u00a4llt einem nach und nach immer mehr dazu ein. So hiess meine Abteilung fr\u00c3\u00bcher schlicht und aussagekr\u00c3\u00a4ftig \u00e2\u20ac\u017eF&amp;E &#8211; Forschung und Entwicklung\u00e2\u20ac\u0153. Seit einigen Jahren (es sind bestimmt schon weit \u00c3\u00bcber 10 Jahre) ist daraus \u00e2\u20ac\u009dR&amp;D &#8211; Research and Development\u00e2\u20ac\u0153 geworden. Und muss ein Hausmeister wirklich in \u00e2\u20ac\u017eFacility Manager\u00e2\u20ac\u0153 umbenannt werden?<\/p>\n<p>Ich m\u00c3\u00b6chte meine Gedanken zum Thema einfach mal so im Raum stehen lassen und mich w\u00c3\u00bcrde nat\u00c3\u00bcrlich brennend interessieren, wie Ihr dar\u00c3\u00bcber denkt?<\/p>\n<p align=\"center\"><em>Euch allen einen sch\u00c3\u00b6nen Samstag<\/em> :bussi:<\/p>\n","protected":false},"excerpt":{"rendered":"<p>Vielleicht hat der\/die ein oder andere von Euch ja heute schon geh\u00c3\u00b6rt, dass heute der&nbsp;Tag der Muttersprache&nbsp;ist. Und ab und zu berichte ich ja hier \u00c3\u00bcber die diversen Themen, die man sich so f\u00c3\u00bcr jeden einzelnen Tag des Jahres ausgedacht hat.<\/p>\n","protected":false},"author":1,"featured_media":0,"comment_status":"open","ping_status":"open","sticky":false,"template":"","format":"standard","meta":{"_jetpack_newsletter_access":"","_jetpack_dont_email_post_to_subs":false,"_jetpack_newsletter_tier_id":0,"_jetpack_memberships_contains_paywalled_content":false,"_jetpack_memberships_contains_paid_content":false,"footnotes":""},"categories":[114],"tags":[830,829,831],"class_list":["post-12953","post","type-post","status-publish","format-standard","hentry","category-plauderecke","tag-gedanken","tag-sprache","tag-tag-der"],"jetpack_sharing_enabled":true,"jetpack_shortlink":"https:\/\/wp.me\/pq7aY-3mV","jetpack_likes_enabled":true,"jetpack-related-posts":[],"jetpack_featured_media_url":"","_links":{"self":[{"href":"https:\/\/terragina.de\/blog\/wp-json\/wp\/v2\/posts\/12953","targetHints":{"allow":["GET"]}}],"collection":[{"href":"https:\/\/terragina.de\/blog\/wp-json\/wp\/v2\/posts"}],"about":[{"href":"https:\/\/terragina.de\/blog\/wp-json\/wp\/v2\/types\/post"}],"author":[{"embeddable":true,"href":"https:\/\/terragina.de\/blog\/wp-json\/wp\/v2\/users\/1"}],"replies":[{"embeddable":true,"href":"https:\/\/terragina.de\/blog\/wp-json\/wp\/v2\/comments?post=12953"}],"version-history":[{"count":0,"href":"https:\/\/terragina.de\/blog\/wp-json\/wp\/v2\/posts\/12953\/revisions"}],"wp:attachment":[{"href":"https:\/\/terragina.de\/blog\/wp-json\/wp\/v2\/media?parent=12953"}],"wp:term":[{"taxonomy":"category","embeddable":true,"href":"https:\/\/terragina.de\/blog\/wp-json\/wp\/v2\/categories?post=12953"},{"taxonomy":"post_tag","embeddable":true,"href":"https:\/\/terragina.de\/blog\/wp-json\/wp\/v2\/tags?post=12953"}],"curies":[{"name":"wp","href":"https:\/\/api.w.org\/{rel}","templated":true}]}}