{"id":13016,"date":"2015-02-23T16:26:03","date_gmt":"2015-02-23T15:26:03","guid":{"rendered":"http:\/\/terragina.de\/blog\/?p=13016"},"modified":"2015-02-23T17:31:38","modified_gmt":"2015-02-23T16:31:38","slug":"phaenomen-regen-schnee","status":"publish","type":"post","link":"https:\/\/terragina.de\/blog\/2015\/02\/23\/phaenomen-regen-schnee\/","title":{"rendered":"Ph\u00c3\u00a4nomen Regen &#038; Schnee"},"content":{"rendered":"<p>Wie ich es liebe\u00e2\u20ac\u00a6 :oh: sobald ein paar Fl\u00c3\u00b6ckchen oder Tr\u00c3\u00b6pfchen vom Himmel fallen, bricht der Verkehr zusammen und man hat das Gef\u00c3\u00bchl, ein Rudel Sonntagsfahrer ist auf der Stra\u00c3\u0178e unterwegs.&nbsp;<\/p>\n<p>Ich selber bin mit Sicherheit keine Heizerin, aber ich bin doch bem\u00c3\u00bcht, z\u00c3\u00bcgig zu fahren <em>&#8211; &nbsp;nat\u00c3\u00bcrlich im Rahmen des Erlaubten<\/em>. Und wenn ich von der Arbeit nach Hause m\u00c3\u00b6chte, erst recht. :yes1:<\/p>\n<p><!--more--><\/p>\n<p><a data-mce-href=\"http:\/\/terragina.de\/blog\/wp-content\/uploads\/2015\/02\/regen_schnee.jpg\" href=\"http:\/\/terragina.de\/blog\/wp-content\/uploads\/2015\/02\/regen_schnee.jpg\" rel=\"lightbox[13016]\"><img loading=\"lazy\" decoding=\"async\" src=\"http:\/\/terragina.de\/blog\/wp-content\/uploads\/2015\/02\/regen_schnee.jpg\"  width=\"500\" height=\"375\" style=\"display: block; float: none; margin: 5px auto; max-height: none; max-width: 100%;\" data-mce-style=\"display: block; float: none; margin: 5px auto;\" data-position=\"1\" class=\"center\"\/><\/a>Aber ich m\u00c3\u00b6chte nicht jammern. H\u00c3\u00b6re ich doch seit 13 Tagen t\u00c3\u00a4glich im Radio, wie arm diejenigen dran sind, die zur Arbeit zwischen Hessen und Rheinland-Pfalz hin und her pendeln m\u00c3\u00bcssen. Eigentlich geht es nur um 1,3 km Luftlinie. Besonders fies ist es aber, wenn es sich bei den besagten knapp 1 1\/2 Kilometern um eine altersschwache Br\u00c3\u00bccke \u00c3\u00bcber den Rhein handelt, die Mainz mit Wiesbaden verbindet. :angry:<\/p>\n<p>Wenn man dann noch wei\u00c3\u0178, dass sich die Br\u00c3\u00bccke am 10. Februar quasi \u00c3\u00bcber Nacht um 30 cm abgesenkt hat, kann man sich schon denken, wie lange die Br\u00c3\u00bccke noch gesperrt sein wird. :roll1:<\/p>\n<p>Ihr lieben Autofahrer &#8211; jeder Einzelne der ca. 90.000, die ihr dort Tag f\u00c3\u00bcr Tag lang fahren m\u00c3\u00bcsst &#8211; Ihr habt mein vollstes Mitgef\u00c3\u00bchl.<\/p>\n<p>Hier gibt es mehr Informationen \u00c3\u00bcber die <a data-mce-href=\"http:\/\/shortlinks.de\/on1d\" href=\"http:\/\/shortlinks.de\/on1d\" target=\"_blank\">Schiersteiner Br\u00c3\u00bccke<\/a>.<\/p>\n<p>Heute nun wurde parallel zur Br\u00c3\u00bccke eine F\u00c3\u00a4hre eingesetzt (die nat\u00c3\u00bcrlich nur einen Bruchteil der Leute von a nach b bringen kann) und ich finde es einfach gro\u00c3\u0178artig, dass der hiesige Radiosender dort heute morgen Unmengen von frischen Croissants an die Wartenden verteilt hat, um die Leute wenigstens ein kleines bisschen zu tr\u00c3\u00b6sten. <em>Toll!<\/em><\/p>\n<p><em>Und ich schw\u00c3\u00b6re, ich rege mich nie wieder \u00c3\u00bcber ein paar Schleicher auf der Stra\u00c3\u0178e bei Regenwetter auf\u00e2\u20ac\u00a6<\/em> <font size=\"2\">Ok, ich schw\u00c3\u00b6re nicht, aber ich versuch`s wenigstens. ;)<\/font><\/p>\n","protected":false},"excerpt":{"rendered":"<p>Wie ich es liebe\u00e2\u20ac\u00a6 :oh: sobald ein paar Fl\u00c3\u00b6ckchen oder Tr\u00c3\u00b6pfchen vom Himmel fallen, bricht der Verkehr zusammen und man hat das Gef\u00c3\u00bchl, ein Rudel Sonntagsfahrer ist auf der Stra\u00c3\u0178e unterwegs.&nbsp; Ich selber bin mit Sicherheit keine Heizerin, aber ich bin doch bem\u00c3\u00bcht, z\u00c3\u00bcgig zu fahren &#8211; &nbsp;nat\u00c3\u00bcrlich im Rahmen des Erlaubten. Und wenn ich von der Arbeit nach Hause m\u00c3\u00b6chte, erst recht. :yes1:<\/p>\n","protected":false},"author":1,"featured_media":0,"comment_status":"open","ping_status":"open","sticky":false,"template":"","format":"standard","meta":{"_jetpack_newsletter_access":"","_jetpack_dont_email_post_to_subs":false,"_jetpack_newsletter_tier_id":0,"_jetpack_memberships_contains_paywalled_content":false,"_jetpack_memberships_contains_paid_content":false,"footnotes":""},"categories":[114],"tags":[834,835,293],"class_list":["post-13016","post","type-post","status-publish","format-standard","hentry","category-plauderecke","tag-autos","tag-stau","tag-wetter"],"jetpack_sharing_enabled":true,"jetpack_shortlink":"https:\/\/wp.me\/pq7aY-3nW","jetpack_likes_enabled":true,"jetpack-related-posts":[],"jetpack_featured_media_url":"","_links":{"self":[{"href":"https:\/\/terragina.de\/blog\/wp-json\/wp\/v2\/posts\/13016","targetHints":{"allow":["GET"]}}],"collection":[{"href":"https:\/\/terragina.de\/blog\/wp-json\/wp\/v2\/posts"}],"about":[{"href":"https:\/\/terragina.de\/blog\/wp-json\/wp\/v2\/types\/post"}],"author":[{"embeddable":true,"href":"https:\/\/terragina.de\/blog\/wp-json\/wp\/v2\/users\/1"}],"replies":[{"embeddable":true,"href":"https:\/\/terragina.de\/blog\/wp-json\/wp\/v2\/comments?post=13016"}],"version-history":[{"count":0,"href":"https:\/\/terragina.de\/blog\/wp-json\/wp\/v2\/posts\/13016\/revisions"}],"wp:attachment":[{"href":"https:\/\/terragina.de\/blog\/wp-json\/wp\/v2\/media?parent=13016"}],"wp:term":[{"taxonomy":"category","embeddable":true,"href":"https:\/\/terragina.de\/blog\/wp-json\/wp\/v2\/categories?post=13016"},{"taxonomy":"post_tag","embeddable":true,"href":"https:\/\/terragina.de\/blog\/wp-json\/wp\/v2\/tags?post=13016"}],"curies":[{"name":"wp","href":"https:\/\/api.w.org\/{rel}","templated":true}]}}