{"id":13064,"date":"2015-02-26T15:40:06","date_gmt":"2015-02-26T14:40:06","guid":{"rendered":"http:\/\/terragina.de\/blog\/?p=13064"},"modified":"2015-02-26T15:40:06","modified_gmt":"2015-02-26T14:40:06","slug":"fruehes-wochenende","status":"publish","type":"post","link":"https:\/\/terragina.de\/blog\/2015\/02\/26\/fruehes-wochenende\/","title":{"rendered":"Fr\u00c3\u00bches Wochenende"},"content":{"rendered":"<p>Das habe ich mir verdient, das fr\u00c3\u00bche Wochenende. :sing:&nbsp;Einiges gab&nbsp;es die letzten vier Tage zu tun, aber ich habe alles geschafft, was ich mir vorgenommen hatte. Was den Vorteil hat, dass die Zeit wie im Fluge verging. Es gibt doch nichts \u00c3\u201etzenderes als einfach nur rum zu sitzen und auf den Feierabend zu warten.<\/p>\n<p><!--more--><\/p>\n<p>Als ich dann um kurz vor 12:00 Uhr mit allem fertig war beschloss ich, heute etwas fr\u00c3\u00bcher ins Wochenende zu starten. Ihr wisst ja &#8211; der fr\u00c3\u00bche Vogel und so\u00e2\u20ac\u00a6.&nbsp;Ich hatte meine 6 Stunden voll und so werden mir nur 90 Minuten von meinen \u00c3\u0153berstunden abgezogen. Daf\u00c3\u00bcr kann ich jedoch 2 1\/2 Stunden fr\u00c3\u00bcher gehen &#8211; wegen der Mittagspause. Ab und an leiste ich mir das. :yes1: Auf meinem Gleitzeitkonto sind jetzt immer noch gute neun Stunden plus und ich wei\u00c3\u0178 heute schon, dass ich am Montag mindestens 1 1\/2 Stunden l\u00c3\u00a4nger in der Firma bleiben werde. <font size=\"2\">Fortbildung.<\/font><\/p>\n<p>Daheim angekommen fand ich ein K\u00c3\u00a4rtchen im Briefkasten &#8211; der nette Nachbar von schr\u00c3\u00a4g gegen\u00c3\u00bcber hat unser Packerl aus Spanien angenommen. Erstaunlich, ich dachte die ganze Zeit, <a data-mce-href=\"http:\/\/www.pullandbear.com\/de\/de\/\" href=\"http:\/\/www.pullandbear.com\/de\/de\/\" target=\"_blank\">Pull &amp; Bear<\/a> sei eine Britische Marke? Jedenfalls hat die Lieferung aus <em>Cabanillas del Campo<\/em> (N\u00c3\u00a4he Madrid) gerade mal vier Tage gedauert. <font size=\"2\">Ein Blick ins Impressum verr\u00c3\u00a4t &#8211; es ist in der Tat eine spanische Marke. Schon immer gewesen&#8230;<\/font><\/p>\n<p><a data-mce-href=\"http:\/\/terragina.de\/blog\/wp-content\/uploads\/2015\/02\/teepause.jpg\" href=\"http:\/\/terragina.de\/blog\/wp-content\/uploads\/2015\/02\/teepause.jpg\" rel=\"lightbox[13064]\"><img loading=\"lazy\" decoding=\"async\" src=\"http:\/\/terragina.de\/blog\/wp-content\/uploads\/2015\/02\/teepause.jpg\"  width=\"500\" height=\"500\" style=\"display: block; float: none; margin: 5px auto; max-height: none; max-width: 100%;\" data-mce-style=\"display: block; float: none; margin: 5px auto;\" data-position=\"1\" class=\"center\"\/><\/a><\/p>\n<p>Also fix eine gro\u00c3\u0178e Tasse Tee gekocht, zwei von den Mini-Berlinern auf ein Tellerchen gelegt (ja, ich darf das, habe ich doch die komplette Faschingszeit ganz ohne verbracht und fasten ist nix f\u00c3\u00bcr mich). Die Kiste eignet sich prima als Tablett. ;) F\u00c3\u00bcr die Miezen ist sie eher ungeeignet und auch weniger interessant, geht sie doch so komisch auf. Wenn der Deckel angehoben wird, f\u00c3\u00a4llt sie quasi auseinander. Gemein, das\u00e2\u20ac\u00a6 aber h\u00c3\u00bcbsch sieht sie aus.<\/p>\n<p>Der Inhalt entspricht meinen Vorstellungen. Also zumindest meine beiden Teile. Keine Veranlassung, etwas zur\u00c3\u00bcck zu schicken. Nun hoffe ich nur noch, dass das Tochterkind auch zufrieden ist und alles passt, wenn sie sp\u00c3\u00a4ter aus der Schule kommt. ;)<\/p>\n<p><a data-mce-href=\"http:\/\/terragina.de\/blog\/wp-content\/uploads\/2015\/02\/eulen_shirt.jpg\" href=\"http:\/\/terragina.de\/blog\/wp-content\/uploads\/2015\/02\/eulen_shirt.jpg\" rel=\"lightbox[13064]\"><img loading=\"lazy\" decoding=\"async\" src=\"http:\/\/terragina.de\/blog\/wp-content\/uploads\/2015\/02\/eulen_shirt.jpg\"  width=\"500\" height=\"500\" style=\"display: block; float: none; margin: 5px auto; max-height: none; max-width: 100%;\" data-mce-style=\"display: block; float: none; margin: 5px auto;\" data-position=\"1\" class=\"center\"\/><\/a><\/p>\n<p>Und jetzt werde ich meinen Tee trinken und die beiden Mini-Berliner geniessen.<\/p>\n<p align=\"center\"><em>*** Ich w\u00c3\u00bcnsche Euch allen einen wundersch\u00c3\u00b6nen Nachmittag! ***<\/em><\/p>\n","protected":false},"excerpt":{"rendered":"<p>Das habe ich mir verdient, das fr\u00c3\u00bche Wochenende. :sing:&nbsp;Einiges gab&nbsp;es die letzten vier Tage zu tun, aber ich habe alles geschafft, was ich mir vorgenommen hatte. Was den Vorteil hat, dass die Zeit wie im Fluge verging. Es gibt doch nichts \u00c3\u201etzenderes als einfach nur rum zu sitzen und auf den Feierabend zu warten.<\/p>\n","protected":false},"author":1,"featured_media":0,"comment_status":"open","ping_status":"open","sticky":false,"template":"","format":"standard","meta":{"_jetpack_newsletter_access":"","_jetpack_dont_email_post_to_subs":false,"_jetpack_newsletter_tier_id":0,"_jetpack_memberships_contains_paywalled_content":false,"_jetpack_memberships_contains_paid_content":false,"footnotes":""},"categories":[2,114],"tags":[422,837,838,752,122],"class_list":["post-13064","post","type-post","status-publish","format-standard","hentry","category-foto","category-plauderecke","tag-fotos","tag-hipstamatic","tag-klamotten","tag-mode","tag-tee"],"jetpack_sharing_enabled":true,"jetpack_shortlink":"https:\/\/wp.me\/pq7aY-3oI","jetpack_likes_enabled":true,"jetpack-related-posts":[],"jetpack_featured_media_url":"","_links":{"self":[{"href":"https:\/\/terragina.de\/blog\/wp-json\/wp\/v2\/posts\/13064","targetHints":{"allow":["GET"]}}],"collection":[{"href":"https:\/\/terragina.de\/blog\/wp-json\/wp\/v2\/posts"}],"about":[{"href":"https:\/\/terragina.de\/blog\/wp-json\/wp\/v2\/types\/post"}],"author":[{"embeddable":true,"href":"https:\/\/terragina.de\/blog\/wp-json\/wp\/v2\/users\/1"}],"replies":[{"embeddable":true,"href":"https:\/\/terragina.de\/blog\/wp-json\/wp\/v2\/comments?post=13064"}],"version-history":[{"count":0,"href":"https:\/\/terragina.de\/blog\/wp-json\/wp\/v2\/posts\/13064\/revisions"}],"wp:attachment":[{"href":"https:\/\/terragina.de\/blog\/wp-json\/wp\/v2\/media?parent=13064"}],"wp:term":[{"taxonomy":"category","embeddable":true,"href":"https:\/\/terragina.de\/blog\/wp-json\/wp\/v2\/categories?post=13064"},{"taxonomy":"post_tag","embeddable":true,"href":"https:\/\/terragina.de\/blog\/wp-json\/wp\/v2\/tags?post=13064"}],"curies":[{"name":"wp","href":"https:\/\/api.w.org\/{rel}","templated":true}]}}