{"id":13089,"date":"2015-02-27T14:30:14","date_gmt":"2015-02-27T13:30:14","guid":{"rendered":"http:\/\/terragina.de\/blog\/?p=13089"},"modified":"2015-02-27T21:12:01","modified_gmt":"2015-02-27T20:12:01","slug":"ein-kleid-spaltet-die-internet-gemeinde","status":"publish","type":"post","link":"https:\/\/terragina.de\/blog\/2015\/02\/27\/ein-kleid-spaltet-die-internet-gemeinde\/","title":{"rendered":"Ein Kleid spaltet die Internet-Gemeinde"},"content":{"rendered":"<p>Habt Ihr es schon mitbekommen? Ein Kleid sorgt f\u00c3\u00bcr Furore im Netz und es geht um dieses Foto:<\/p>\n<p><a data-mce-href=\"http:\/\/terragina.de\/blog\/wp-content\/uploads\/2015\/02\/kleid.jpg\" href=\"http:\/\/terragina.de\/blog\/wp-content\/uploads\/2015\/02\/kleid.jpg\" rel=\"lightbox[13089]\"><img loading=\"lazy\" decoding=\"async\" src=\"http:\/\/terragina.de\/blog\/wp-content\/uploads\/2015\/02\/kleid.jpg\" width=\"300\" height=\"435\" style=\"display: block; float: none; margin: 5px auto;\" data-mce-style=\"display: block; float: none; margin: 5px auto;\" data-position=\"1\" class=\"center\"\/><\/a><\/p>\n<p><em>*Nun frage ich einfach mal Euch:<\/em><\/p>\n<p>Was siehst Du? <strong>Ist das Kleid Wei\u00c3\u0178-Gold oder Schwarz-Blau?<\/strong><\/p>\n<p><\/p>\n<p>Ich f\u00c3\u00bcr meinen Teil sehe hier 100%ig ein wei\u00c3\u0178-goldenes Kleid. Das Tochterkind auch. Aber der Sohnemann, der sieht es Blau-Schwarz. *augenreib*<\/p>\n<p>Und wer jetzt genauso irriitiert ist wie wir &#8211; <a data-mce-href=\"http:\/\/shortlinks.de\/mw42\" href=\"http:\/\/shortlinks.de\/mw42\" target=\"_blank\">hier<\/a> gibt es die wissenschaftliche Erkl\u00c3\u00a4rung f\u00c3\u00bcr dieses Ph\u00c3\u00a4nomen. :yes1:<\/p>\n","protected":false},"excerpt":{"rendered":"<p>Habt Ihr es schon mitbekommen? Ein Kleid sorgt f\u00c3\u00bcr Furore im Netz und es geht um dieses Foto: *Nun frage ich einfach mal Euch: Was siehst Du? Ist das Kleid Wei\u00c3\u0178-Gold oder Schwarz-Blau? Ich f\u00c3\u00bcr meinen Teil sehe hier 100%ig ein wei\u00c3\u0178-goldenes Kleid. Das Tochterkind auch. Aber der Sohnemann, der sieht es Blau-Schwarz. *augenreib* Und wer jetzt genauso irriitiert ist wie wir &#8211; hier gibt es die wissenschaftliche Erkl\u00c3\u00a4rung f\u00c3\u00bcr dieses Ph\u00c3\u00a4nomen. :yes1:<\/p>\n","protected":false},"author":1,"featured_media":0,"comment_status":"open","ping_status":"open","sticky":false,"template":"","format":"standard","meta":{"_jetpack_newsletter_access":"","_jetpack_dont_email_post_to_subs":false,"_jetpack_newsletter_tier_id":0,"_jetpack_memberships_contains_paywalled_content":false,"_jetpack_memberships_contains_paid_content":false,"footnotes":""},"categories":[114],"tags":[839],"class_list":["post-13089","post","type-post","status-publish","format-standard","hentry","category-plauderecke","tag-internet"],"jetpack_sharing_enabled":true,"jetpack_shortlink":"https:\/\/wp.me\/pq7aY-3p7","jetpack_likes_enabled":true,"jetpack-related-posts":[],"jetpack_featured_media_url":"","_links":{"self":[{"href":"https:\/\/terragina.de\/blog\/wp-json\/wp\/v2\/posts\/13089","targetHints":{"allow":["GET"]}}],"collection":[{"href":"https:\/\/terragina.de\/blog\/wp-json\/wp\/v2\/posts"}],"about":[{"href":"https:\/\/terragina.de\/blog\/wp-json\/wp\/v2\/types\/post"}],"author":[{"embeddable":true,"href":"https:\/\/terragina.de\/blog\/wp-json\/wp\/v2\/users\/1"}],"replies":[{"embeddable":true,"href":"https:\/\/terragina.de\/blog\/wp-json\/wp\/v2\/comments?post=13089"}],"version-history":[{"count":0,"href":"https:\/\/terragina.de\/blog\/wp-json\/wp\/v2\/posts\/13089\/revisions"}],"wp:attachment":[{"href":"https:\/\/terragina.de\/blog\/wp-json\/wp\/v2\/media?parent=13089"}],"wp:term":[{"taxonomy":"category","embeddable":true,"href":"https:\/\/terragina.de\/blog\/wp-json\/wp\/v2\/categories?post=13089"},{"taxonomy":"post_tag","embeddable":true,"href":"https:\/\/terragina.de\/blog\/wp-json\/wp\/v2\/tags?post=13089"}],"curies":[{"name":"wp","href":"https:\/\/api.w.org\/{rel}","templated":true}]}}