{"id":13196,"date":"2015-03-04T16:51:50","date_gmt":"2015-03-04T15:51:50","guid":{"rendered":"http:\/\/terragina.de\/blog\/?p=13196"},"modified":"2015-03-04T18:55:30","modified_gmt":"2015-03-04T17:55:30","slug":"das-habe-ich-mir-verdient","status":"publish","type":"post","link":"https:\/\/terragina.de\/blog\/2015\/03\/04\/das-habe-ich-mir-verdient\/","title":{"rendered":"Das habe ich mir verdient"},"content":{"rendered":"<p>Auch der Mittwoch ist geschafft und ich freute mich zum Feierabend \u00c3\u00bcber zwei halbe St\u00c3\u00bcckchen <em>(ja, ich teile gerne)<\/em> und eine sch\u00c3\u00b6ne Tasse Tee. Manchmal habe ich einfach keine Lust zu backen. Da d\u00c3\u00bcrfen es zwischendurch auch mal solche Teilchen, z.B. vom blau-orangefarbenen Discounter, sein.<!--more--><\/p>\n<p>Und sie sind gar nicht mal schlecht &#8211; nur ziemlich klebrig. <\/p>\n<p align=\"center\"><a href=\"http:\/\/terragina.de\/blog\/wp-content\/uploads\/2015\/03\/feierabend.jpg\" rel=\"lightbox[13196]\"><img loading=\"lazy\" decoding=\"async\" src=\"http:\/\/terragina.de\/blog\/wp-content\/uploads\/2015\/03\/feierabend.jpg\" alt=\"feierabend\" width=\"500\" height=\"500\" class=\"aligncenter size-full wp-image-13197\" srcset=\"https:\/\/terragina.de\/blog\/wp-content\/uploads\/2015\/03\/feierabend.jpg 800w, https:\/\/terragina.de\/blog\/wp-content\/uploads\/2015\/03\/feierabend-120x120.jpg 120w\" sizes=\"auto, (max-width: 500px) 100vw, 500px\" \/><\/a><\/p>\n<p>N\u00c3\u00a4chstes Mal wird wieder selbst gebacken. Das Tochterkind hat da schon einen Wunsch ge\u00c3\u00a4u\u00c3\u0178ert&#8230;<\/p>\n<p>Und ich werde Ihr wohl den Gefallen am Wochenende tun, schlie\u00c3\u0178lich steht das Abi vor der T\u00c3\u00bcr und die Nerven liegen blank &#8211; da ist Nervennahrung doppelt wichtig. Eine recht anstrengende Phase, aber gemeinsam werden wir da durch gehen.<\/p>\n<p>Da f\u00c3\u00a4llt mir ein, dass wir auch noch ein Bettlaken brauchen, um ein sch\u00c3\u00b6nes Abiplakat zu gestalten. Ein paar Tage haben wir aber noch Zeit. :)<\/p>\n<p align=\"center\">Einen sch\u00c3\u00b6nen Nachmittag allerseits. :winke:<\/p>\n","protected":false},"excerpt":{"rendered":"<p>Auch der Mittwoch ist geschafft und ich freute mich zum Feierabend \u00c3\u00bcber zwei halbe St\u00c3\u00bcckchen (ja, ich teile gerne) und eine sch\u00c3\u00b6ne Tasse Tee. Manchmal habe ich einfach keine Lust zu backen. Da d\u00c3\u00bcrfen es zwischendurch auch mal solche Teilchen, z.B. vom blau-orangefarbenen Discounter, sein.<\/p>\n","protected":false},"author":1,"featured_media":0,"comment_status":"open","ping_status":"open","sticky":false,"template":"","format":"standard","meta":{"_jetpack_newsletter_access":"","_jetpack_dont_email_post_to_subs":false,"_jetpack_newsletter_tier_id":0,"_jetpack_memberships_contains_paywalled_content":false,"_jetpack_memberships_contains_paid_content":false,"footnotes":""},"categories":[114],"tags":[],"class_list":["post-13196","post","type-post","status-publish","format-standard","hentry","category-plauderecke"],"jetpack_sharing_enabled":true,"jetpack_shortlink":"https:\/\/wp.me\/pq7aY-3qQ","jetpack_likes_enabled":true,"jetpack-related-posts":[],"jetpack_featured_media_url":"","_links":{"self":[{"href":"https:\/\/terragina.de\/blog\/wp-json\/wp\/v2\/posts\/13196","targetHints":{"allow":["GET"]}}],"collection":[{"href":"https:\/\/terragina.de\/blog\/wp-json\/wp\/v2\/posts"}],"about":[{"href":"https:\/\/terragina.de\/blog\/wp-json\/wp\/v2\/types\/post"}],"author":[{"embeddable":true,"href":"https:\/\/terragina.de\/blog\/wp-json\/wp\/v2\/users\/1"}],"replies":[{"embeddable":true,"href":"https:\/\/terragina.de\/blog\/wp-json\/wp\/v2\/comments?post=13196"}],"version-history":[{"count":0,"href":"https:\/\/terragina.de\/blog\/wp-json\/wp\/v2\/posts\/13196\/revisions"}],"wp:attachment":[{"href":"https:\/\/terragina.de\/blog\/wp-json\/wp\/v2\/media?parent=13196"}],"wp:term":[{"taxonomy":"category","embeddable":true,"href":"https:\/\/terragina.de\/blog\/wp-json\/wp\/v2\/categories?post=13196"},{"taxonomy":"post_tag","embeddable":true,"href":"https:\/\/terragina.de\/blog\/wp-json\/wp\/v2\/tags?post=13196"}],"curies":[{"name":"wp","href":"https:\/\/api.w.org\/{rel}","templated":true}]}}