{"id":13289,"date":"2015-03-08T16:13:41","date_gmt":"2015-03-08T15:13:41","guid":{"rendered":"http:\/\/terragina.de\/blog\/?p=13289"},"modified":"2015-03-08T16:42:47","modified_gmt":"2015-03-08T15:42:47","slug":"unser-1-fruehlingssonntag-2015","status":"publish","type":"post","link":"https:\/\/terragina.de\/blog\/2015\/03\/08\/unser-1-fruehlingssonntag-2015\/","title":{"rendered":"Unser 1. Fr\u00c3\u00bchlingssonntag 2015"},"content":{"rendered":"<p>Eigentlich hatte ich mir den Tag heute ein wenig anders vorgestellt. :( Aber nachdem erst der Sohnemann gestern den halben Tag und Abend hohes Fieber hatte und erk\u00c3\u00a4ltet ist, hat`s jetzt den Hobbykoch erwischt. Auch ich versp\u00c3\u00bcre schon wieder ein Kratzen im Hals, aber noch ist alles im einigermassen gr\u00c3\u00bcnen Bereich. Ich hoffe, es bleibt so.<!--more--><\/p>\n<p>Jetzt hei\u00c3\u0178t es Daumen dr\u00c3\u00bccken, dass es das Tochterkind nicht auch noch erwischt. In f\u00c3\u00bcnf Tagen ist die erste der drei schriftlichen Abipr\u00c3\u00bcfungen. Mit Englisch geht es los. Am Montag in einer Woche folgt dann Deutsch und am Mittwoch darauf noch Mathe. Die m\u00c3\u00bcndlichen Pr\u00c3\u00bcfungen sind dann erst Ende Mai oder Anfang Juni, ich wei\u00c3\u0178 es ehrlich gesagt gerade nicht genau. :noidea:<\/p>\n<p>Geplant war, dass der Hobbykoch heute mit dem Sohn zur Schule f\u00c3\u00a4hrt, um das Plakat aufzuh\u00c3\u00a4ngen. Tja, Pustekuchen. <em>Erstens kommt es anders und zweitens als man denkt.<\/em> Also bin ich heute am sp\u00c3\u00a4ten Vomittag mit dem schw\u00c3\u00a4chelnden Hobbykoch zur Schule gefahren, er wollte unbedingt dabei sein, wenn es aufgeh\u00c3\u00a4ngt wird.<\/p>\n<p>Ganz sch\u00c3\u00b6n viele Plakate h\u00c3\u00a4ngen dort schon. Warum aber bitte bekommt eine der Sch\u00c3\u00bclerinnen drei Plakate aufgeh\u00c3\u00a4ngt, nat\u00c3\u00bcrlich alle nebeneinander, wenn der Platz sowieso schon recht begrenzt ist? :angry: Und ist es nicht ein kleines bisschen peinlich, wenn in einem dieser Plakate sofort ein Rechtschreibfehler ins Auge sticht? Glaubt Ihr nicht? Ich zeig`s Euch:<\/p>\n<p><a data-mce-href=\"http:\/\/terragina.de\/blog\/wp-content\/uploads\/2015\/03\/schreibfehler.jpg\" href=\"http:\/\/terragina.de\/blog\/wp-content\/uploads\/2015\/03\/schreibfehler.jpg\" rel=\"lightbox[13289]\"><img loading=\"lazy\" decoding=\"async\" src=\"http:\/\/terragina.de\/blog\/wp-content\/uploads\/2015\/03\/schreibfehler.jpg\"  width=\"400\" height=\"533\" style=\"display: block; float: none; margin: 5px auto; max-height: none; max-width: 100%;\" data-mce-style=\"display: block; float: none; margin: 5px auto;\" data-position=\"1\" class=\"center\"\/><\/a>Wobei ich die Wahl des Motivs ja wirklich klasse finde.<\/p>\n<p>Unser Plakat h\u00c3\u00a4ngt jetzt auf alle F\u00c3\u00a4lle auch. Foto davon wird es morgen hier an dieser Stelle geben. <font size=\"2\">Ob`s Euch interessiert oder nicht.<\/font> ;)<\/p>\n<p>Zum Mittagessen gab es anstelle des geplanten Kartoffelsalats dann zu den W\u00c3\u00bcrstchen Br\u00c3\u00b6tchen. Die Arbeit wollte sich niemand machen, zumal der gr\u00c3\u00b6ssere Teil der Familie im Moment nicht so wirklich Hunger hat.<\/p>\n<p>Aber gerade haben wir alle ein St\u00c3\u00bcckchen <a href=\"http:\/\/blog.cs-kreativ.de\/?p=1464\" target=\"_blank\">Kuchen<\/a> genossen, den ich eigentlich schon gestern backen wollte. Das habe ich heute morgen ganz entspannt nach geholt. Und um mich noch ein bisschen mehr zu entspannen, habe ich mir dann nach dem Essen das tolle Buch geschnappt und ein wenig getangelt.<\/p>\n<p><a data-mce-href=\"http:\/\/terragina.de\/blog\/wp-content\/uploads\/2015\/03\/zentangle_buch.jpg\" href=\"http:\/\/terragina.de\/blog\/wp-content\/uploads\/2015\/03\/zentangle_buch.jpg\" rel=\"lightbox[13289]\"><img loading=\"lazy\" decoding=\"async\" src=\"http:\/\/terragina.de\/blog\/wp-content\/uploads\/2015\/03\/zentangle_buch.jpg\" width=\"450\" height=\"337\" style=\"display: block; float: none; margin: 5px auto; max-height: none; max-width: 100%;\" data-mce-style=\"display: block; float: none; margin: 5px auto;\" data-position=\"1\" class=\"center\"\/><\/a><\/p>\n<p><a data-mce-href=\"http:\/\/terragina.de\/blog\/wp-content\/uploads\/2015\/03\/zentangle_2015_01.jpg\" href=\"http:\/\/terragina.de\/blog\/wp-content\/uploads\/2015\/03\/zentangle_2015_01.jpg\" rel=\"lightbox[13289]\"><img loading=\"lazy\" decoding=\"async\" src=\"http:\/\/terragina.de\/blog\/wp-content\/uploads\/2015\/03\/zentangle_2015_01.jpg\" width=\"450\" height=\"337\" style=\"display: block; float: none; margin: 5px auto; max-height: none; max-width: 100%;\" data-mce-style=\"display: block; float: none; margin: 5px auto;\" data-position=\"1\" class=\"center\"\/><\/a><\/p>\n<p>Und jetzt werde ich es mir noch ein wenig gem\u00c3\u00bctlich machen, meinen Tee austrinken und einfach ein wenig glotzen.<\/p>\n<p><em>\u00c3\u0153brigens, die Sonne hat sich bei uns hier leider schon wieder verd\u00c3\u00bcnnisiert&#8230;<\/em><\/p>\n","protected":false},"excerpt":{"rendered":"<p>Eigentlich hatte ich mir den Tag heute ein wenig anders vorgestellt. :( Aber nachdem erst der Sohnemann gestern den halben Tag und Abend hohes Fieber hatte und erk\u00c3\u00a4ltet ist, hat`s jetzt den Hobbykoch erwischt. Auch ich versp\u00c3\u00bcre schon wieder ein Kratzen im Hals, aber noch ist alles im einigermassen gr\u00c3\u00bcnen Bereich. Ich hoffe, es bleibt so.<\/p>\n","protected":false},"author":1,"featured_media":0,"comment_status":"open","ping_status":"open","sticky":false,"template":"","format":"standard","meta":{"_jetpack_newsletter_access":"","_jetpack_dont_email_post_to_subs":false,"_jetpack_newsletter_tier_id":0,"_jetpack_memberships_contains_paywalled_content":false,"_jetpack_memberships_contains_paid_content":false,"footnotes":""},"categories":[2],"tags":[849,421,422],"class_list":["post-13289","post","type-post","status-publish","format-standard","hentry","category-foto","tag-abi","tag-fotoalbum","tag-fotos"],"jetpack_sharing_enabled":true,"jetpack_shortlink":"https:\/\/wp.me\/pq7aY-3sl","jetpack_likes_enabled":true,"jetpack-related-posts":[],"jetpack_featured_media_url":"","_links":{"self":[{"href":"https:\/\/terragina.de\/blog\/wp-json\/wp\/v2\/posts\/13289","targetHints":{"allow":["GET"]}}],"collection":[{"href":"https:\/\/terragina.de\/blog\/wp-json\/wp\/v2\/posts"}],"about":[{"href":"https:\/\/terragina.de\/blog\/wp-json\/wp\/v2\/types\/post"}],"author":[{"embeddable":true,"href":"https:\/\/terragina.de\/blog\/wp-json\/wp\/v2\/users\/1"}],"replies":[{"embeddable":true,"href":"https:\/\/terragina.de\/blog\/wp-json\/wp\/v2\/comments?post=13289"}],"version-history":[{"count":0,"href":"https:\/\/terragina.de\/blog\/wp-json\/wp\/v2\/posts\/13289\/revisions"}],"wp:attachment":[{"href":"https:\/\/terragina.de\/blog\/wp-json\/wp\/v2\/media?parent=13289"}],"wp:term":[{"taxonomy":"category","embeddable":true,"href":"https:\/\/terragina.de\/blog\/wp-json\/wp\/v2\/categories?post=13289"},{"taxonomy":"post_tag","embeddable":true,"href":"https:\/\/terragina.de\/blog\/wp-json\/wp\/v2\/tags?post=13289"}],"curies":[{"name":"wp","href":"https:\/\/api.w.org\/{rel}","templated":true}]}}