{"id":13393,"date":"2015-03-15T10:34:11","date_gmt":"2015-03-15T09:34:11","guid":{"rendered":"http:\/\/terragina.de\/blog\/?p=13393"},"modified":"2015-04-01T18:22:58","modified_gmt":"2015-04-01T16:22:58","slug":"alles-fuer-die-katz-06","status":"publish","type":"post","link":"https:\/\/terragina.de\/blog\/2015\/03\/15\/alles-fuer-die-katz-06\/","title":{"rendered":"Alles f\u00c3\u00bcr die Katz #06"},"content":{"rendered":"<p><a data-mce-href=\"http:\/\/www.jaellekatz.de\/alles-fuer-die-katz\/alles-fuer-die-katz-6\" href=\"http:\/\/www.jaellekatz.de\/alles-fuer-die-katz\/alles-fuer-die-katz-6\" target=\"_blank\"><img loading=\"lazy\" decoding=\"async\" src=\"http:\/\/terragina.de\/blog\/images\/alles_fuer_die_katz_logo_160x160.jpg\" width=\"160\" height=\"160\" style=\"float: right; margin: 10px; max-height: none; max-width: 100%;\" data-mce-style=\"float: right; margin: 10px;\" data-position=\"3\" class=\"right\"\/><\/a><\/p>\n<p>Eieiei, wo rennt nur die Zeit hin? Schon wieder ist ein halber Monat rum und es ist Zeit f\u00c3\u00bcr ein n\u00c3\u00a4chstes Bild f\u00c3\u00bcr Sylvias Projekt. :yes:&nbsp;Ich wei\u00c3\u0178 auch nicht\u00e2\u20ac\u00a6 ich habe das Gef\u00c3\u00bchl, als rennt die Zeit mehr und mehr, je \u00c3\u00a4lter ich werde. <em>Habe ich das schon einmal geschrieben? Kann gut sein.<\/em> ;)<\/p>\n<\/p>\n<p><!--more--><\/p>\n<p>Aber ich schweife vom Thema ab. <\/p>\n<p>Was also macht Katz am liebsten, wenn es draussen trist und grau ist? Klar, schlafen nat\u00c3\u00bcrlich. Eigentlich sollten wir uns daran mal ein Beispiel nehmen. Wenn ich n\u00c3\u00a4mlich so raus gucke, regnet es Bindf\u00c3\u00a4den und ist einfach sehr, sehr eklig.<\/p>\n<p><a data-mce-href=\"http:\/\/terragina.de\/blog\/wp-content\/uploads\/2015\/03\/nala_15032015.jpg\" href=\"http:\/\/terragina.de\/blog\/wp-content\/uploads\/2015\/03\/nala_15032015.jpg\" rel=\"lightbox[13393]\"><img loading=\"lazy\" decoding=\"async\" src=\"http:\/\/terragina.de\/blog\/wp-content\/uploads\/2015\/03\/nala_15032015.jpg\"  width=\"450\" height=\"337\" style=\"display: block; float: none; margin: 5px auto; max-height: none; max-width: 100%;\" data-mce-style=\"display: block; float: none; margin: 5px auto;\" data-position=\"1\" class=\"center\"\/><\/a><\/p>\n<p>Nala hat es sich in der Mitte des Kratzbaums gem\u00c3\u00bctlich gemacht,<\/p>\n<p><a data-mce-href=\"http:\/\/terragina.de\/blog\/wp-content\/uploads\/2015\/03\/padano_15032015.jpg\" href=\"http:\/\/terragina.de\/blog\/wp-content\/uploads\/2015\/03\/padano_15032015.jpg\" rel=\"lightbox[13393]\"><img loading=\"lazy\" decoding=\"async\" src=\"http:\/\/terragina.de\/blog\/wp-content\/uploads\/2015\/03\/padano_15032015.jpg\" width=\"450\" height=\"337\" style=\"display: block; float: none; margin: 5px auto; max-height: none; max-width: 100%;\" data-mce-style=\"display: block; float: none; margin: 5px auto;\" data-position=\"1\" class=\"center\"\/><\/a><\/p>\n<\/p>\n<p>w\u00c3\u00a4hrend sich das Katertier die obere Liegefl\u00c3\u00a4che gesichert hat.<\/p>\n<p>Und weil mir das Bild so gut gef\u00c3\u00a4llt, habe ich mal ein wenig herum gespielt. Hier nochmal in Schwarz\/Wei\u00c3\u0178:<\/p>\n<p><a data-mce-href=\"http:\/\/terragina.de\/blog\/wp-content\/uploads\/2015\/03\/padano_15032015_sw.jpg\" href=\"http:\/\/terragina.de\/blog\/wp-content\/uploads\/2015\/03\/padano_15032015_sw.jpg\" rel=\"lightbox[13393]\"><img loading=\"lazy\" decoding=\"async\" src=\"http:\/\/terragina.de\/blog\/wp-content\/uploads\/2015\/03\/padano_15032015_sw.jpg\" width=\"450\" height=\"337\" style=\"display: block; float: none; margin: 5px auto; max-height: none; max-width: 100%;\" data-mce-style=\"display: block; float: none; margin: 5px auto;\" data-position=\"1\" class=\"center\"\/><\/a><\/p>\n<p>Ich finde die S\/W-Version fast noch ein bissel sch\u00c3\u00b6ner. ;)<\/p>\n<p>Zum Schluss noch ein Nala-Foto von gestern &#8211; sie hat sich mal wieder eine Karton gesichert und es sich darauf gem\u00c3\u00bctlich gemacht. Drin sind \u00c3\u00bcbrigens meine Malsachen, deswegen gibt es diesen Karton nur <u>mit<\/u> Deckel. ;-)<\/p>\n<p><a data-mce-href=\"http:\/\/terragina.de\/blog\/wp-content\/uploads\/2015\/03\/nala_14032015.jpg\" href=\"http:\/\/terragina.de\/blog\/wp-content\/uploads\/2015\/03\/nala_14032015.jpg\" rel=\"lightbox[13393]\"><img loading=\"lazy\" decoding=\"async\" src=\"http:\/\/terragina.de\/blog\/wp-content\/uploads\/2015\/03\/nala_14032015.jpg\" width=\"450\" height=\"337\" style=\"display: block; float: none; margin: 5px auto; max-height: none; max-width: 100%;\" data-mce-style=\"display: block; float: none; margin: 5px auto;\" data-position=\"1\" class=\"center\"\/><\/a><\/p>\n<p><em>Was macht Ihr heute bei diesem Mistwetter? Oder scheint bei Euch die Sonne? Dann schickt sie mir doch gerne vorbei!<\/em> :winke:<\/p>\n","protected":false},"excerpt":{"rendered":"<p>Eieiei, wo rennt nur die Zeit hin? Schon wieder ist ein halber Monat rum und es ist Zeit f\u00c3\u00bcr ein n\u00c3\u00a4chstes Bild f\u00c3\u00bcr Sylvias Projekt. :yes:&nbsp;Ich wei\u00c3\u0178 auch nicht\u00e2\u20ac\u00a6 ich habe das Gef\u00c3\u00bchl, als rennt die Zeit mehr und mehr, je \u00c3\u00a4lter ich werde. Habe ich das schon einmal geschrieben? Kann gut sein. ;)<\/p>\n","protected":false},"author":1,"featured_media":0,"comment_status":"open","ping_status":"open","sticky":false,"template":"","format":"standard","meta":{"_jetpack_newsletter_access":"","_jetpack_dont_email_post_to_subs":false,"_jetpack_newsletter_tier_id":0,"_jetpack_memberships_contains_paywalled_content":false,"_jetpack_memberships_contains_paid_content":false,"footnotes":""},"categories":[819,728],"tags":[750,751,39,30,353,418],"class_list":["post-13393","post","type-post","status-publish","format-standard","hentry","category-alles-fuer-die-katz","category-cat-corner","tag-alles-fuer-die-katz","tag-fotoprojekt","tag-katzen","tag-maine-coon","tag-nala","tag-padano"],"jetpack_sharing_enabled":true,"jetpack_shortlink":"https:\/\/wp.me\/pq7aY-3u1","jetpack_likes_enabled":true,"jetpack-related-posts":[],"jetpack_featured_media_url":"","_links":{"self":[{"href":"https:\/\/terragina.de\/blog\/wp-json\/wp\/v2\/posts\/13393","targetHints":{"allow":["GET"]}}],"collection":[{"href":"https:\/\/terragina.de\/blog\/wp-json\/wp\/v2\/posts"}],"about":[{"href":"https:\/\/terragina.de\/blog\/wp-json\/wp\/v2\/types\/post"}],"author":[{"embeddable":true,"href":"https:\/\/terragina.de\/blog\/wp-json\/wp\/v2\/users\/1"}],"replies":[{"embeddable":true,"href":"https:\/\/terragina.de\/blog\/wp-json\/wp\/v2\/comments?post=13393"}],"version-history":[{"count":0,"href":"https:\/\/terragina.de\/blog\/wp-json\/wp\/v2\/posts\/13393\/revisions"}],"wp:attachment":[{"href":"https:\/\/terragina.de\/blog\/wp-json\/wp\/v2\/media?parent=13393"}],"wp:term":[{"taxonomy":"category","embeddable":true,"href":"https:\/\/terragina.de\/blog\/wp-json\/wp\/v2\/categories?post=13393"},{"taxonomy":"post_tag","embeddable":true,"href":"https:\/\/terragina.de\/blog\/wp-json\/wp\/v2\/tags?post=13393"}],"curies":[{"name":"wp","href":"https:\/\/api.w.org\/{rel}","templated":true}]}}