{"id":13478,"date":"2015-03-20T23:45:25","date_gmt":"2015-03-20T22:45:25","guid":{"rendered":"http:\/\/terragina.de\/blog\/?p=13478"},"modified":"2015-03-20T19:48:23","modified_gmt":"2015-03-20T18:48:23","slug":"jetzt-ist-es-auch-offiziell","status":"publish","type":"post","link":"https:\/\/terragina.de\/blog\/2015\/03\/20\/jetzt-ist-es-auch-offiziell\/","title":{"rendered":"Jetzt ist es offiziell"},"content":{"rendered":"<p>Punkt 23:45 Uhr am 20. M\u00c3\u00a4rz beginnt er also, der Fr\u00c3\u00bchling. Das habe ich heute von <a data-mce-href=\"https:\/\/einfachtilda.wordpress.com\" href=\"https:\/\/einfachtilda.wordpress.com\" target=\"_blank\">Mathilda<\/a> erfahren und jetzt auch noch ganz offiziell von Onkel Wiki gelernt. Es hat mich schlichtweg interessiert, woher diese mysteri\u00c3\u00b6se Uhrzeit von 23:45 Uhr her kommt.<\/p>\n<p><!--more--><\/p>\n<p>Gelernt habe ich Folgendes: Auf der Nordhalbkugel wird der Fr\u00c3\u00bchling astronomisch durch das Prim\u00c3\u00a4r-\u00c3\u201equinotikum bestimmt. Und da ich dieses Wort noch nie geh\u00c3\u00b6rt habe, musste ich Onkel Wiki gleich noch einmal bem\u00c3\u00bchen:<\/p>\n<p>Das \u00c3\u201equinotikum (von lateinisch <em>aequus<\/em> \u00e2\u20ac\u017egleich&#8220; und <em>nox<\/em> \u00e2\u20ac\u017eNacht&#8220;) ist die Tag- und Nacht-Gleiche und es werden die beiden Tage im Jahr so benannt, an denen der lichte Tag und die Nacht exakt gleich lang sind. Mit diesem Punkt sind also der Beginn von Fr\u00c3\u00bchling und Herbst sekundengenau definiert. :yes:<\/p>\n<p>Soviel zum Thema Klugschei\u00c3\u0178er des Tages. ;) Aber h\u00c3\u00a4ttet Ihr`s gewusst? <em>Ehrlich jetzt?<\/em><\/p>\n<p>:fruehling1: Zur Feier des Fr\u00c3\u00bchlingsanfangs habe ich heute mal wieder ein paar Buchstaben gezeichnet.<\/p>\n<p><a data-mce-href=\"http:\/\/terragina.de\/blog\/wp-content\/uploads\/2015\/03\/spring.jpg\" href=\"http:\/\/terragina.de\/blog\/wp-content\/uploads\/2015\/03\/spring.jpg\" rel=\"lightbox[13478]\"><img loading=\"lazy\" decoding=\"async\" src=\"http:\/\/terragina.de\/blog\/wp-content\/uploads\/2015\/03\/spring.jpg\"  width=\"450\" height=\"337\" style=\"display: block; float: none; margin: 5px auto;\" data-mce-style=\"display: block; float: none; margin: 5px auto;\" data-position=\"1\" class=\"center\"\/><\/a><\/p>\n<p>Ein wenig schade ist nur, dass es zum Fr\u00c3\u00bchlingsanfang morgen wieder deutlich k\u00c3\u00bchler und auch regnerischer werden soll. <font size=\"2\">Aber dann habe ich wenigstens eine Ausrede, warum meine Fenster immer noch schmutzig sind &#8211; wer putzt schon im Regen Fenster? Lohnt sich doch (noch) nicht\u00e2\u20ac\u00a6 *lol*<\/font><\/p>\n","protected":false},"excerpt":{"rendered":"<p>Punkt 23:45 Uhr am 20. M\u00c3\u00a4rz beginnt er also, der Fr\u00c3\u00bchling. Das habe ich heute von Mathilda erfahren und jetzt auch noch ganz offiziell von Onkel Wiki gelernt. Es hat mich schlichtweg interessiert, woher diese mysteri\u00c3\u00b6se Uhrzeit von 23:45 Uhr her kommt.<\/p>\n","protected":false},"author":1,"featured_media":0,"comment_status":"open","ping_status":"open","sticky":false,"template":"","format":"standard","meta":{"_jetpack_newsletter_access":"","_jetpack_dont_email_post_to_subs":false,"_jetpack_newsletter_tier_id":0,"_jetpack_memberships_contains_paywalled_content":false,"_jetpack_memberships_contains_paid_content":false,"footnotes":""},"categories":[114],"tags":[146,857,826,856],"class_list":["post-13478","post","type-post","status-publish","format-standard","hentry","category-plauderecke","tag-fruehling","tag-tangle","tag-zeichnen","tag-zenspirations"],"jetpack_sharing_enabled":true,"jetpack_shortlink":"https:\/\/wp.me\/pq7aY-3vo","jetpack_likes_enabled":true,"jetpack-related-posts":[],"jetpack_featured_media_url":"","_links":{"self":[{"href":"https:\/\/terragina.de\/blog\/wp-json\/wp\/v2\/posts\/13478","targetHints":{"allow":["GET"]}}],"collection":[{"href":"https:\/\/terragina.de\/blog\/wp-json\/wp\/v2\/posts"}],"about":[{"href":"https:\/\/terragina.de\/blog\/wp-json\/wp\/v2\/types\/post"}],"author":[{"embeddable":true,"href":"https:\/\/terragina.de\/blog\/wp-json\/wp\/v2\/users\/1"}],"replies":[{"embeddable":true,"href":"https:\/\/terragina.de\/blog\/wp-json\/wp\/v2\/comments?post=13478"}],"version-history":[{"count":0,"href":"https:\/\/terragina.de\/blog\/wp-json\/wp\/v2\/posts\/13478\/revisions"}],"wp:attachment":[{"href":"https:\/\/terragina.de\/blog\/wp-json\/wp\/v2\/media?parent=13478"}],"wp:term":[{"taxonomy":"category","embeddable":true,"href":"https:\/\/terragina.de\/blog\/wp-json\/wp\/v2\/categories?post=13478"},{"taxonomy":"post_tag","embeddable":true,"href":"https:\/\/terragina.de\/blog\/wp-json\/wp\/v2\/tags?post=13478"}],"curies":[{"name":"wp","href":"https:\/\/api.w.org\/{rel}","templated":true}]}}