{"id":13544,"date":"2015-03-26T15:39:25","date_gmt":"2015-03-26T14:39:25","guid":{"rendered":"http:\/\/terragina.de\/blog\/?p=13544"},"modified":"2015-03-26T17:58:30","modified_gmt":"2015-03-26T16:58:30","slug":"gedankengaenge","status":"publish","type":"post","link":"https:\/\/terragina.de\/blog\/2015\/03\/26\/gedankengaenge\/","title":{"rendered":"Gedankenga\u00cc\u02c6nge"},"content":{"rendered":"<p>Heute gibt es kein Foto von mir &#8211; es hat sich bis jetzt einfach noch keine fotografier-w\u00c3\u00bcrdige Situation ergeben. Viel mehr verfolge ich schon den ganzen Tag die Nachrichten im Radio. Und das, was ich da jetzt am Schlu\u00c3\u0178 zu h\u00c3\u00b6ren bekam, stimmt mich doch sehr traurig und ich bin ersch\u00c3\u00bcttert.<\/p>\n<\/p>\n<p><!--more--><\/p>\n<p><a href=\"http:\/\/terragina.de\/blog\/wp-content\/uploads\/2015\/03\/schwarze-schleife.jpg\" data-mce-href=\"http:\/\/terragina.de\/blog\/wp-content\/uploads\/2015\/03\/schwarze-schleife.jpg\" rel=\"lightbox[13544]\"><img loading=\"lazy\" decoding=\"async\" src=\"http:\/\/terragina.de\/blog\/wp-content\/uploads\/2015\/03\/schwarze-schleife.jpg\" alt=\"schwarze-schleife\" width=\"290\" height=\"290\" class=\"size-full wp-image-13548 center\" style=\"display: block; float: none; margin: 5px auto;\" data-mce-style=\"display: block; float: none; margin: 5px auto;\" data-position=\"1\" srcset=\"https:\/\/terragina.de\/blog\/wp-content\/uploads\/2015\/03\/schwarze-schleife.jpg 460w, https:\/\/terragina.de\/blog\/wp-content\/uploads\/2015\/03\/schwarze-schleife-120x120.jpg 120w\" sizes=\"auto, (max-width: 290px) 100vw, 290px\" \/><\/a><\/p>\n<p>Zun\u00c3\u00a4chst hie\u00c3\u0178 es ja, dass ein Pilot das Cockpit verlassen hat und nicht mehr zur\u00c3\u00bcck kam, aufgrund der Zugangssperre von au\u00c3\u0178en. Ihr habt es sicher auch alle geh\u00c3\u00b6rt oder gesehen. Jetzt aber wendet sich das Blatt und meine Gedanken kommen nicht zur Ruhe. Mit der ersten Situation h\u00c3\u00a4tte ich besser umgehen k\u00c3\u00b6nnen. Das w\u00c3\u00a4re aus meiner Sicht eine tragische Verkettung ungl\u00c3\u00bccklicher Umst\u00c3\u00a4nde gewesen, die zu dem dramatischen Tod von 150 Menschen gef\u00c3\u00bchrt hat &nbsp;&#8211; nat\u00c3\u00bcrlich auch schon schlimm und traurig genug, das Leid m\u00c3\u00b6chte ich hiermit nicht schm\u00c3\u00a4lern.<\/p>\n<p>Was aber bringt einen Menschen dazu, bewusst eine voll besetzte Maschine in den Tod zu fliegen? Wenn jemand sich dazu entschlie\u00c3\u0178t, sein Leben h\u00c3\u00a4tte keinen Sinn mehr, muss er dann so viele Menschen mitnehmen und das Leben von unz\u00c3\u00a4hligen Angeh\u00c3\u00b6rigen zerst\u00c3\u00b6ren? Ich kann mir einfach nicht zusammen reimen, was in einem solchen Hirn vor sich gehen muss. Und weiter frage ich mich: Wie gehen die Menschen damit um, die erst die Nachricht des Absturzes verkraften mussten und jetzt br\u00c3\u00b6ckchenweise die grausame Wahrheit erfahren haben.<\/p>\n<p>Zu Verzweiflung gesellt sich noch grenzenlose Wut und ich kann es ihnen nicht verdenken. Ich merke ja, wie ersch\u00c3\u00bcttert ich auf die Nachrichten reagiere. Wie aber muss es in den Menschen aussehen, die direkt betroffen sind?<\/p>\n<p>Ich kann diesen Menschen nur meine volle Anteilnahme und mein Mitgef\u00c3\u00bchl aussprechen. Den Schmerz und das Ausmass der Trag\u00c3\u00b6die jedoch kann man nur f\u00c3\u00bchlen, wenn man selber betroffen ist. Es liegt nicht im Ermessen von Aussenstehenden.<\/p>\n<p>Wie spendet man diesen Menschen Trost\u00e2\u20ac\u00a6 ich wei\u00c3\u0178 es nicht. <em>Ich w\u00c3\u00bcnsche ihnen nur ganz ganz viel Kraft in diesen schweren Stunden, Tagen, Monaten&#8230;<\/em><\/p>\n<div class=\"image-size mceNonEditable\" data-mce-bogus=\"true\" id=\"plate\" contenteditable=\"false\" style=\"display: none; -webkit-transform: translateZ(0); top: 160px; left: 141.5px;\" data-size=\"290x290\"><\/div>\n","protected":false},"excerpt":{"rendered":"<p>Heute gibt es kein Foto von mir &#8211; es hat sich bis jetzt einfach noch keine fotografier-w\u00c3\u00bcrdige Situation ergeben. Viel mehr verfolge ich schon den ganzen Tag die Nachrichten im Radio. Und das, was ich da jetzt am Schlu\u00c3\u0178 zu h\u00c3\u00b6ren bekam, stimmt mich doch sehr traurig und ich bin ersch\u00c3\u00bcttert.<\/p>\n","protected":false},"author":1,"featured_media":0,"comment_status":"open","ping_status":"open","sticky":false,"template":"","format":"standard","meta":{"_jetpack_newsletter_access":"","_jetpack_dont_email_post_to_subs":false,"_jetpack_newsletter_tier_id":0,"_jetpack_memberships_contains_paywalled_content":false,"_jetpack_memberships_contains_paid_content":false,"footnotes":""},"categories":[1],"tags":[860,859,861],"class_list":["post-13544","post","type-post","status-publish","format-standard","hentry","category-news_n_more","tag-flugzeugabsturz","tag-german-wings","tag-tragoedie"],"jetpack_sharing_enabled":true,"jetpack_shortlink":"https:\/\/wp.me\/pq7aY-3ws","jetpack_likes_enabled":true,"jetpack-related-posts":[],"jetpack_featured_media_url":"","_links":{"self":[{"href":"https:\/\/terragina.de\/blog\/wp-json\/wp\/v2\/posts\/13544","targetHints":{"allow":["GET"]}}],"collection":[{"href":"https:\/\/terragina.de\/blog\/wp-json\/wp\/v2\/posts"}],"about":[{"href":"https:\/\/terragina.de\/blog\/wp-json\/wp\/v2\/types\/post"}],"author":[{"embeddable":true,"href":"https:\/\/terragina.de\/blog\/wp-json\/wp\/v2\/users\/1"}],"replies":[{"embeddable":true,"href":"https:\/\/terragina.de\/blog\/wp-json\/wp\/v2\/comments?post=13544"}],"version-history":[{"count":0,"href":"https:\/\/terragina.de\/blog\/wp-json\/wp\/v2\/posts\/13544\/revisions"}],"wp:attachment":[{"href":"https:\/\/terragina.de\/blog\/wp-json\/wp\/v2\/media?parent=13544"}],"wp:term":[{"taxonomy":"category","embeddable":true,"href":"https:\/\/terragina.de\/blog\/wp-json\/wp\/v2\/categories?post=13544"},{"taxonomy":"post_tag","embeddable":true,"href":"https:\/\/terragina.de\/blog\/wp-json\/wp\/v2\/tags?post=13544"}],"curies":[{"name":"wp","href":"https:\/\/api.w.org\/{rel}","templated":true}]}}