{"id":13920,"date":"2015-04-20T06:23:46","date_gmt":"2015-04-20T04:23:46","guid":{"rendered":"http:\/\/terragina.de\/blog\/?p=13920"},"modified":"2015-04-20T06:46:34","modified_gmt":"2015-04-20T04:46:34","slug":"kleiner-gartengruss","status":"publish","type":"post","link":"https:\/\/terragina.de\/blog\/2015\/04\/20\/kleiner-gartengruss\/","title":{"rendered":"Kleiner Gartengru\u00c3\u0178"},"content":{"rendered":"<p>Manchmal kann <em>frau<\/em> auch ohne viele Worte bloggen und ich schicke all meinen lieben Bloglesern und Blogleserinnen einen  <em>Ich-w\u00c3\u00bcnsche-Euch-eine-sch\u00c3\u00b6ne-Woche-Blumen-Gru\u00c3\u0178<\/em> aus unserem klitzekleinen Garten.<!--more--><\/p>\n<p>Wobei das so nicht ganz richtig ist, denn bei diesen sch\u00c3\u00b6nen, ca. 8-10 cm gro\u00c3\u0178en &#8222;Bl\u00c3\u00bcten&#8220; handelt es sich um die Hochbl\u00c3\u00a4tter unseres Dogwoods &#8211; zu Deutsch <em>Amerikanischer Bl\u00c3\u00bcten-Hartriegel<\/em>. Ich liebe diesen kleinen Baum, der im Herbst dann feuerrotes Laub tragen wird. So sch\u00c3\u00b6n! &#8211; <em>Im Fr\u00c3\u00bchling, im Sommer und auch im Herbst.<\/em> :sing:<\/p>\n<p><a href=\"http:\/\/terragina.de\/blog\/wp-content\/uploads\/2015\/04\/dogwood_01.jpg\" rel=\"lightbox[13920]\"><img loading=\"lazy\" decoding=\"async\" src=\"http:\/\/terragina.de\/blog\/wp-content\/uploads\/2015\/04\/dogwood_01.jpg\" alt=\"dogwood_01\" width=\"450\" height=\"337\" class=\"aligncenter size-full wp-image-13918\" \/><\/a><\/p>\n<p><a href=\"http:\/\/terragina.de\/blog\/wp-content\/uploads\/2015\/04\/dogwood_02.jpg\" rel=\"lightbox[13920]\"><img loading=\"lazy\" decoding=\"async\" src=\"http:\/\/terragina.de\/blog\/wp-content\/uploads\/2015\/04\/dogwood_02.jpg\" alt=\"dogwood_03\" width=\"450\" height=\"337\" class=\"aligncenter size-full wp-image-13917\" \/><\/a><\/p>\n<p><a href=\"http:\/\/terragina.de\/blog\/wp-content\/uploads\/2015\/04\/dogwood_03.jpg\" rel=\"lightbox[13920]\"><img loading=\"lazy\" decoding=\"async\" src=\"http:\/\/terragina.de\/blog\/wp-content\/uploads\/2015\/04\/dogwood_03.jpg\" alt=\"dogwood_02\" width=\"450\" height=\"337\" class=\"aligncenter size-full wp-image-13916\" \/><\/a><\/p>\n<p align=\"center\"><em>Ich w\u00c3\u00bcnsche Euch einen guten Start in die neue Woche!<\/em><\/p>\n","protected":false},"excerpt":{"rendered":"<p>Manchmal kann frau auch ohne viele Worte bloggen und ich schicke all meinen lieben Bloglesern und Blogleserinnen einen Ich-w\u00c3\u00bcnsche-Euch-eine-sch\u00c3\u00b6ne-Woche-Blumen-Gru\u00c3\u0178 aus unserem klitzekleinen Garten.<\/p>\n","protected":false},"author":1,"featured_media":0,"comment_status":"open","ping_status":"open","sticky":false,"template":"","format":"standard","meta":{"_jetpack_newsletter_access":"","_jetpack_dont_email_post_to_subs":false,"_jetpack_newsletter_tier_id":0,"_jetpack_memberships_contains_paywalled_content":false,"_jetpack_memberships_contains_paid_content":false,"footnotes":""},"categories":[2],"tags":[975,421,422,247,226],"class_list":["post-13920","post","type-post","status-publish","format-standard","hentry","category-foto","tag-blumen","tag-fotoalbum","tag-fotos","tag-garten","tag-pflanzen"],"jetpack_sharing_enabled":true,"jetpack_shortlink":"https:\/\/wp.me\/pq7aY-3Cw","jetpack_likes_enabled":true,"jetpack-related-posts":[],"jetpack_featured_media_url":"","_links":{"self":[{"href":"https:\/\/terragina.de\/blog\/wp-json\/wp\/v2\/posts\/13920","targetHints":{"allow":["GET"]}}],"collection":[{"href":"https:\/\/terragina.de\/blog\/wp-json\/wp\/v2\/posts"}],"about":[{"href":"https:\/\/terragina.de\/blog\/wp-json\/wp\/v2\/types\/post"}],"author":[{"embeddable":true,"href":"https:\/\/terragina.de\/blog\/wp-json\/wp\/v2\/users\/1"}],"replies":[{"embeddable":true,"href":"https:\/\/terragina.de\/blog\/wp-json\/wp\/v2\/comments?post=13920"}],"version-history":[{"count":0,"href":"https:\/\/terragina.de\/blog\/wp-json\/wp\/v2\/posts\/13920\/revisions"}],"wp:attachment":[{"href":"https:\/\/terragina.de\/blog\/wp-json\/wp\/v2\/media?parent=13920"}],"wp:term":[{"taxonomy":"category","embeddable":true,"href":"https:\/\/terragina.de\/blog\/wp-json\/wp\/v2\/categories?post=13920"},{"taxonomy":"post_tag","embeddable":true,"href":"https:\/\/terragina.de\/blog\/wp-json\/wp\/v2\/tags?post=13920"}],"curies":[{"name":"wp","href":"https:\/\/api.w.org\/{rel}","templated":true}]}}