{"id":13947,"date":"2015-04-23T06:14:28","date_gmt":"2015-04-23T04:14:28","guid":{"rendered":"http:\/\/terragina.de\/blog\/?p=13947"},"modified":"2015-04-23T06:15:02","modified_gmt":"2015-04-23T04:15:02","slug":"wenn-der-himmel-malt","status":"publish","type":"post","link":"https:\/\/terragina.de\/blog\/2015\/04\/23\/wenn-der-himmel-malt\/","title":{"rendered":"Wenn der Himmel malt"},"content":{"rendered":"<blockquote><p>Was hilft aller Sonnenaufgang, wenn wir nicht aufstehen?<\/p><\/blockquote>\n<p align=\"right\"><font size=\"2\">Georg Christoph Lichtenberg<\/font><\/p>\n<p><!--more--><\/p>\n<p><a href=\"http:\/\/terragina.de\/blog\/wp-content\/uploads\/2015\/04\/fensterblick.jpg\" rel=\"lightbox[13947]\"><img loading=\"lazy\" decoding=\"async\" src=\"http:\/\/terragina.de\/blog\/wp-content\/uploads\/2015\/04\/fensterblick.jpg\" alt=\"fensterblick\" width=\"450\" height=\"337\" class=\"aligncenter size-full wp-image-13946\" \/><\/a><\/p>\n<p align=\"center\">Mein Blick am Schreibtisch aus dem Fenster&#8230; ich kann gar nicht anders, ich mu\u00c3\u0178 vors Geb\u00c3\u00a4ude und ein Foto machen.<\/p>\n<p><a href=\"http:\/\/terragina.de\/blog\/wp-content\/uploads\/2015\/04\/sunrise_20042015.jpg\" rel=\"lightbox[13947]\"><img loading=\"lazy\" decoding=\"async\" src=\"http:\/\/terragina.de\/blog\/wp-content\/uploads\/2015\/04\/sunrise_20042015.jpg\" alt=\"sunrise_20042015\" width=\"450\" height=\"337\" class=\"aligncenter size-full wp-image-13945\" \/><\/a><\/p>\n<p align=\"center\"><em>am Montag&#8230;<\/em><\/p>\n<p><a href=\"http:\/\/terragina.de\/blog\/wp-content\/uploads\/2015\/04\/sunrise_21042015.jpg\" rel=\"lightbox[13947]\"><img loading=\"lazy\" decoding=\"async\" src=\"http:\/\/terragina.de\/blog\/wp-content\/uploads\/2015\/04\/sunrise_21042015.jpg\" alt=\"sunrise_21042015\" width=\"450\" height=\"337\" class=\"aligncenter size-full wp-image-13945\" \/><\/a><\/p>\n<p align=\"center\"><em>&#8230; und am Dienstag&#8230;<\/em><\/p>\n<p align=\"center\"><font color=\"CC3399\"><em>:sing: Habt alle einen traumhaft sch\u00c3\u00b6nen Tag! :dance:<\/em><\/font><\/p>\n","protected":false},"excerpt":{"rendered":"<p>Was hilft aller Sonnenaufgang, wenn wir nicht aufstehen? Georg Christoph Lichtenberg<\/p>\n","protected":false},"author":1,"featured_media":0,"comment_status":"open","ping_status":"open","sticky":false,"template":"","format":"quote","meta":{"_jetpack_newsletter_access":"","_jetpack_dont_email_post_to_subs":false,"_jetpack_newsletter_tier_id":0,"_jetpack_memberships_contains_paywalled_content":false,"_jetpack_memberships_contains_paid_content":false,"footnotes":""},"categories":[2],"tags":[421,422,818,893,869],"class_list":["post-13947","post","type-post","status-publish","format-quote","hentry","category-foto","tag-fotoalbum","tag-fotos","tag-sonnenaufgang","tag-spruch","tag-zitat","post_format-post-format-quote"],"jetpack_sharing_enabled":true,"jetpack_shortlink":"https:\/\/wp.me\/pq7aY-3CX","jetpack_likes_enabled":true,"jetpack-related-posts":[],"jetpack_featured_media_url":"","_links":{"self":[{"href":"https:\/\/terragina.de\/blog\/wp-json\/wp\/v2\/posts\/13947","targetHints":{"allow":["GET"]}}],"collection":[{"href":"https:\/\/terragina.de\/blog\/wp-json\/wp\/v2\/posts"}],"about":[{"href":"https:\/\/terragina.de\/blog\/wp-json\/wp\/v2\/types\/post"}],"author":[{"embeddable":true,"href":"https:\/\/terragina.de\/blog\/wp-json\/wp\/v2\/users\/1"}],"replies":[{"embeddable":true,"href":"https:\/\/terragina.de\/blog\/wp-json\/wp\/v2\/comments?post=13947"}],"version-history":[{"count":0,"href":"https:\/\/terragina.de\/blog\/wp-json\/wp\/v2\/posts\/13947\/revisions"}],"wp:attachment":[{"href":"https:\/\/terragina.de\/blog\/wp-json\/wp\/v2\/media?parent=13947"}],"wp:term":[{"taxonomy":"category","embeddable":true,"href":"https:\/\/terragina.de\/blog\/wp-json\/wp\/v2\/categories?post=13947"},{"taxonomy":"post_tag","embeddable":true,"href":"https:\/\/terragina.de\/blog\/wp-json\/wp\/v2\/tags?post=13947"}],"curies":[{"name":"wp","href":"https:\/\/api.w.org\/{rel}","templated":true}]}}