{"id":13967,"date":"2015-04-24T17:31:14","date_gmt":"2015-04-24T15:31:14","guid":{"rendered":"http:\/\/terragina.de\/blog\/?p=13967"},"modified":"2015-04-24T18:52:21","modified_gmt":"2015-04-24T16:52:21","slug":"ein-zauberhafter-tag-und-die-frage-des-tages","status":"publish","type":"post","link":"https:\/\/terragina.de\/blog\/2015\/04\/24\/ein-zauberhafter-tag-und-die-frage-des-tages\/","title":{"rendered":"Ein zauberhafter Tag und die Frage des Tages"},"content":{"rendered":"<p>Nun geht auch der f\u00c3\u00bcnfte Sonnentag in dieser Woche ganz langsam zu Ende und der Himmel ist strahlend blau. Mit dem Laptop auf der Terrasse, einer sch\u00c3\u00b6nen Tasse Tee und sch\u00c3\u00b6ner Musik <em>(aktuell 5 Seconds of Summer)<\/em> im Hintergrund l\u00c3\u00a4sst es sich prima aushalten. Nun sitze ich bestimmt schon zwei Stunden hier und geniesse es einfach.<\/p>\n<p>Heute morgen war ich schon mit der S-Bahn in der Frankfurter City &#8211; ein Friseurbesuch stand im Terminkalender. Dieses Mal nur Schneiden, die Str\u00c3\u00a4hnchen gibt`s nur jedes zweite Mal. :yes:<!--more--><\/p>\n<p><a href=\"http:\/\/terragina.de\/blog\/wp-content\/uploads\/2015\/04\/ffm_city.jpg\" rel=\"lightbox[13967]\"><img loading=\"lazy\" decoding=\"async\" src=\"http:\/\/terragina.de\/blog\/wp-content\/uploads\/2015\/04\/ffm_city.jpg\" alt=\"ffm_city\" width=\"337\" height=\"450\" class=\"aligncenter size-full wp-image-13971\" srcset=\"https:\/\/terragina.de\/blog\/wp-content\/uploads\/2015\/04\/ffm_city.jpg 600w, https:\/\/terragina.de\/blog\/wp-content\/uploads\/2015\/04\/ffm_city-420x560.jpg 420w\" sizes=\"auto, (max-width: 337px) 100vw, 337px\" \/><\/a><\/p>\n<p>Bei diesem sch\u00c3\u00b6nen Wetter wollte ich nicht direkt wieder nach Hause fahren und mein n\u00c3\u00a4chstes Ziel war der Apfel-Store. Nein &#8211; ganz sicher nicht wegen der derzeit allgegenw\u00c3\u00a4rtigen iWatch, die heute Markteinf\u00c3\u00bchrung feiert. <em>Ich kann auch mal nein sagen und sie gef\u00c3\u00a4llt mir auch so gar nicht.<\/em> :yes1: Nein, ich hatte ein ganz anderes Problem und daraus resultiert auch meine Frage des Tages: <\/p>\n<p>Mein sch\u00c3\u00b6nes \u00c3\u201epfelchen, dass ich erst seit seiner Markteinf\u00c3\u00bchrung besitze, also seit Oktober 2014, hatte nach k\u00c3\u00bcrzester Zeit schon eine Macke im Display. Weil ich so f\u00c3\u00a4hig war, es fallen zu lassen. :oh: An dieser Stelle muss ich aber auch mal ehrlich sagen, dass es das <em>seifen-\u00c3\u00a4hnlichste<\/em> Smartphone aller Zeiten ist. :roll: Und ich m\u00c3\u00b6chte weiter dazu sagen, dass ich schon vorher drei Modelle besessen habe und meine Handys immer <em>macken-frei<\/em> waren, da ich sie eigentlich h\u00c3\u00bcte wie meinen Augapfel.<\/p>\n<p>Da die Macke sich unterhalb des eigentlichen Displays befand habe ich mich zwar ge\u00c3\u00a4rgert, aber mit meiner eigenen Schusseligkeit abgefunden. Vor ein paar Tagen allerdings rutschte mir das \u00c3\u201epfelchen ein weiteres Mal aus der Hand, als ich es hier daheim auf den Tisch legen wollte. Und zur Macke Nr. 1 gesellte sich Macke Nr. 2, die schon ein wenig gr\u00c3\u00b6\u00c3\u0178er war. Und ja, es st\u00c3\u00b6rte mich masslos. Ich habe hin und her \u00c3\u00bcberlegt, weil ein sogenanntes \u00e2\u20ac\u017eSpider-Modell&#8220; nochmal anders aussieht als das, was ich jetzt hatte. Der Sprung war jedoch tastbar und jedesmal, wenn ich das Handy in die Hand nahm, \u00c3\u00a4rgerte ich mich \u00c3\u00bcber mich selbst.<\/p>\n<p>Also &#8211; lange Rede, kurzer Sinn: Ich ging in den Apfel-Store und es gab die M\u00c3\u00b6glichkeit, f\u00c3\u00bcr viel zu viel Kohle das Display binnen einer Stunde austauschen zu lassen. Muss ich noch weiter schreiben? <font size=\"2\">Ich hab`s getan und ich wei\u00c3\u0178, dass das unvern\u00c3\u00bcnftig war.<\/font> Aber es ist auch ziemlich uncool, wenn man tagt\u00c3\u00a4glich an seine Schusseligkeit erinnert wird. :( Das brauche ich nicht und nun ist damit Schluss. Schlie\u00c3\u0178lich muss ich mit dem guten St\u00c3\u00bcck ja noch 1 1\/2 Jahre auskommen.<\/p>\n<p><em>Wie sieht das mit Euch aus &#8211; w\u00c3\u00bcrdet Ihr einen Sprung (bzw. zwei) im Display Eures Babys reparieren lassen?<\/em><\/p>\n<div align=\"center\">\n<h3><font color=\"FF9933\">Themenwechsel<\/font><\/h3>\n<\/div>\n<p>Nachdem ich wieder daheim angekommen war, gab es ein gro\u00c3\u0178es Paket beim Nachbarn abzuholen. Das war an den Hobbykoch adressiert und er freute sich und machte es sehr spannend. Mit den Worten <em>\u00e2\u20ac\u017eDie passt zu Dir wie Deckel auf Topf&#8220;<\/em> \u00c3\u00bcberreichte er mir diese Tasse:<\/p>\n<p><a href=\"http:\/\/terragina.de\/blog\/wp-content\/uploads\/2015\/04\/tasse_01.jpg\" rel=\"lightbox[13967]\"><img loading=\"lazy\" decoding=\"async\" src=\"http:\/\/terragina.de\/blog\/wp-content\/uploads\/2015\/04\/tasse_01.jpg\" alt=\"tasse_01\" width=\"450\" height=\"337\" class=\"aligncenter size-full wp-image-13970\" \/><\/a><\/p>\n<p><a href=\"http:\/\/terragina.de\/blog\/wp-content\/uploads\/2015\/04\/tasse_02.jpg\" rel=\"lightbox[13967]\"><img loading=\"lazy\" decoding=\"async\" src=\"http:\/\/terragina.de\/blog\/wp-content\/uploads\/2015\/04\/tasse_02.jpg\" alt=\"tasse_02\" width=\"450\" height=\"337\" class=\"aligncenter size-full wp-image-13969\" \/><\/a><\/p>\n<p><em>Was er mir wohl damit sagen m\u00c3\u00b6chte&#8230; :blush2: Ich habe keine Ahnung&#8230;<\/em><\/p>\n","protected":false},"excerpt":{"rendered":"<p>Nun geht auch der f\u00c3\u00bcnfte Sonnentag in dieser Woche ganz langsam zu Ende und der Himmel ist strahlend blau. Mit dem Laptop auf der Terrasse, einer sch\u00c3\u00b6nen Tasse Tee und sch\u00c3\u00b6ner Musik (aktuell 5 Seconds of Summer) im Hintergrund l\u00c3\u00a4sst es sich prima aushalten. Nun sitze ich bestimmt schon zwei Stunden hier und geniesse es einfach. Heute morgen war ich schon mit der S-Bahn in der Frankfurter City &#8211; ein Friseurbesuch stand im Terminkalender. Dieses Mal nur Schneiden, die Str\u00c3\u00a4hnchen gibt`s nur jedes zweite Mal. :yes:<\/p>\n","protected":false},"author":1,"featured_media":0,"comment_status":"open","ping_status":"open","sticky":false,"template":"","format":"standard","meta":{"_jetpack_newsletter_access":"","_jetpack_dont_email_post_to_subs":false,"_jetpack_newsletter_tier_id":0,"_jetpack_memberships_contains_paywalled_content":false,"_jetpack_memberships_contains_paid_content":false,"footnotes":""},"categories":[2,114],"tags":[970,216],"class_list":["post-13967","post","type-post","status-publish","format-standard","hentry","category-foto","category-plauderecke","tag-iphone","tag-tassen"],"jetpack_sharing_enabled":true,"jetpack_shortlink":"https:\/\/wp.me\/pq7aY-3Dh","jetpack_likes_enabled":true,"jetpack-related-posts":[],"jetpack_featured_media_url":"","_links":{"self":[{"href":"https:\/\/terragina.de\/blog\/wp-json\/wp\/v2\/posts\/13967","targetHints":{"allow":["GET"]}}],"collection":[{"href":"https:\/\/terragina.de\/blog\/wp-json\/wp\/v2\/posts"}],"about":[{"href":"https:\/\/terragina.de\/blog\/wp-json\/wp\/v2\/types\/post"}],"author":[{"embeddable":true,"href":"https:\/\/terragina.de\/blog\/wp-json\/wp\/v2\/users\/1"}],"replies":[{"embeddable":true,"href":"https:\/\/terragina.de\/blog\/wp-json\/wp\/v2\/comments?post=13967"}],"version-history":[{"count":0,"href":"https:\/\/terragina.de\/blog\/wp-json\/wp\/v2\/posts\/13967\/revisions"}],"wp:attachment":[{"href":"https:\/\/terragina.de\/blog\/wp-json\/wp\/v2\/media?parent=13967"}],"wp:term":[{"taxonomy":"category","embeddable":true,"href":"https:\/\/terragina.de\/blog\/wp-json\/wp\/v2\/categories?post=13967"},{"taxonomy":"post_tag","embeddable":true,"href":"https:\/\/terragina.de\/blog\/wp-json\/wp\/v2\/tags?post=13967"}],"curies":[{"name":"wp","href":"https:\/\/api.w.org\/{rel}","templated":true}]}}