{"id":14095,"date":"2015-05-04T10:02:27","date_gmt":"2015-05-04T08:02:27","guid":{"rendered":"http:\/\/terragina.de\/blog\/?p=14095"},"modified":"2015-05-04T10:02:27","modified_gmt":"2015-05-04T08:02:27","slug":"makro-montag-glockenblume","status":"publish","type":"post","link":"https:\/\/terragina.de\/blog\/2015\/05\/04\/makro-montag-glockenblume\/","title":{"rendered":"Makro-Montag: Glockenblume (?)"},"content":{"rendered":"<p>Schon seit Wochen, nein, Monaten begegne ich bei meiner Blogrunde immer wieder wundersch\u00c3\u00b6nen Makroaufnahmen. Zum Beispiel bei der lieben <a href=\"http:\/\/www.fraunima.at\" target=\"_blank\">Frau nima<\/a> oder auch bei <a href=\"http:\/\/vonollsabissl.blogspot.de\" target=\"_blank\">von olls a bissl<\/a>.<!--more--><\/p>\n<p>Eigentlich bin ich ja auch ein gro\u00c3\u0178er Makro-Fan, habe mir daf\u00c3\u00bcr vor Jahren sogar ein richtig sch\u00c3\u00b6nes Makroobjektiv geleistet. Die <a href=\"http:\/\/www.amazon.de\/Canon-EF-S-60mm-Objektiv-Filtergewinde\/dp\/B0008G2P72\" target=\"_blank\">60mm Festbrennweite<\/a> ist mein absolutes Lieblings-Objektiv und quasi mein <em>Immer-Drauf<\/em> &#8211; Es eignet sich nicht nur prima f\u00c3\u00bcr die Makro-Fotografie, sondern auch f\u00c3\u00bcr Portraits und Katzenfotografie. :good:<br \/>\nHeute habe ich dann so bei mir gedacht, ich k\u00c3\u00b6nnte ja auch mal mitmachen.  :yes1:  <\/p>\n<p>Wie ich gelesen habe, findet ab sofort der Makro-Montag bei <a href=\"http:\/\/aufmeineartphotographieunddesign.blogspot.de\/2015\/05\/makromontag.html\" target=\"_blank\">Britta<\/a> statt und so werde ich diesen Blogartikel auch bei ihr verlinken.<\/p>\n<p><a href=\"http:\/\/terragina.de\/blog\/wp-content\/uploads\/2015\/05\/glockenblume_04.jpg\" rel=\"lightbox[14095]\"><img loading=\"lazy\" decoding=\"async\" src=\"http:\/\/terragina.de\/blog\/wp-content\/uploads\/2015\/05\/glockenblume_04.jpg\" alt=\"glockenblume_04\" width=\"450\" height=\"337\" class=\"aligncenter size-full wp-image-14096\" \/><\/a><\/p>\n<p><a href=\"http:\/\/terragina.de\/blog\/wp-content\/uploads\/2015\/05\/glockenblume_03.jpg\" rel=\"lightbox[14095]\"><img loading=\"lazy\" decoding=\"async\" src=\"http:\/\/terragina.de\/blog\/wp-content\/uploads\/2015\/05\/glockenblume_03.jpg\" alt=\"glockenblume_03\" width=\"450\" height=\"337\" class=\"aligncenter size-full wp-image-14097\" \/><\/a><\/p>\n<p><a href=\"http:\/\/terragina.de\/blog\/wp-content\/uploads\/2015\/05\/glockenblume_02.jpg\" rel=\"lightbox[14095]\"><img loading=\"lazy\" decoding=\"async\" src=\"http:\/\/terragina.de\/blog\/wp-content\/uploads\/2015\/05\/glockenblume_02.jpg\" alt=\"glockenblume_02\" width=\"450\" height=\"337\" class=\"aligncenter size-full wp-image-14098\" \/><\/a><\/p>\n<p><a href=\"http:\/\/terragina.de\/blog\/wp-content\/uploads\/2015\/05\/glockenblume_01.jpg\" rel=\"lightbox[14095]\"><img loading=\"lazy\" decoding=\"async\" src=\"http:\/\/terragina.de\/blog\/wp-content\/uploads\/2015\/05\/glockenblume_01.jpg\" alt=\"glockenblume_01\" width=\"450\" height=\"337\" class=\"aligncenter size-full wp-image-14099\" \/><\/a><\/p>\n<p align=\"center\">\u00e2\u2122\u00a5\u00ef\u00b8\u017d\u00e2\u2122\u00a5\u00ef\u00b8\u017d\u00e2\u2122\u00a5\u00ef\u00b8\u017d\u00e2\u2122\u00a5\u00ef\u00b8\u017d\u00e2\u2122\u00a5\u00ef\u00b8\u017d\u00e2\u2122\u00a5\u00ef\u00b8\u017d\u00e2\u2122\u00a5\u00ef\u00b8\u017d\u00e2\u2122\u00a5\u00ef\u00b8\u017d\u00e2\u2122\u00a5\u00ef\u00b8\u017d\u00e2\u2122\u00a5\u00ef\u00b8\u017d\u00e2\u2122\u00a5\u00ef\u00b8\u017d\u00e2\u2122\u00a5\u00ef\u00b8\u017d\u00e2\u2122\u00a5\u00ef\u00b8\u017d\u00e2\u2122\u00a5\u00ef\u00b8\u017d\u00e2\u2122\u00a5\u00ef\u00b8\u017d<\/p>\n<p>Vielleicht fragt sich noch der ein oder andere treue Besucher meines Blogs, warum ich gerade daheim bin. Dazu m\u00c3\u00b6chte ich hier nur soviel sagen, dass ich seit Tagen, wenn nicht sogar Wochen immer wieder mit Benommenheit und\/oder leichtem Schwindel zu k\u00c3\u00a4mpfen habe. Heute morgen auf dem Weg zur Arbeit war es so schlimm, dass ich wieder umgedreht habe. :blush1:<\/p>\n<p><em>Nun habe ich morgen nachmittag einen Arzttermin und ich hoffe, er hat eine Idee&#8230;<\/em><\/p>\n<p>Euch allen w\u00c3\u00bcnsche ich einen guten Start in die neue Woche mit ganz viel Sonnenschein und warmen Temperaturen!<\/p>\n","protected":false},"excerpt":{"rendered":"<p>Schon seit Wochen, nein, Monaten begegne ich bei meiner Blogrunde immer wieder wundersch\u00c3\u00b6nen Makroaufnahmen. Zum Beispiel bei der lieben Frau nima oder auch bei von olls a bissl.<\/p>\n","protected":false},"author":1,"featured_media":0,"comment_status":"open","ping_status":"open","sticky":false,"template":"","format":"standard","meta":{"_jetpack_newsletter_access":"","_jetpack_dont_email_post_to_subs":false,"_jetpack_newsletter_tier_id":0,"_jetpack_memberships_contains_paywalled_content":false,"_jetpack_memberships_contains_paid_content":false,"footnotes":""},"categories":[2],"tags":[421,957,69,896],"class_list":["post-14095","post","type-post","status-publish","format-standard","hentry","category-foto","tag-fotoalbum","tag-foto","tag-makro","tag-makro-montag"],"jetpack_sharing_enabled":true,"jetpack_shortlink":"https:\/\/wp.me\/pq7aY-3Fl","jetpack_likes_enabled":true,"jetpack-related-posts":[],"jetpack_featured_media_url":"","_links":{"self":[{"href":"https:\/\/terragina.de\/blog\/wp-json\/wp\/v2\/posts\/14095","targetHints":{"allow":["GET"]}}],"collection":[{"href":"https:\/\/terragina.de\/blog\/wp-json\/wp\/v2\/posts"}],"about":[{"href":"https:\/\/terragina.de\/blog\/wp-json\/wp\/v2\/types\/post"}],"author":[{"embeddable":true,"href":"https:\/\/terragina.de\/blog\/wp-json\/wp\/v2\/users\/1"}],"replies":[{"embeddable":true,"href":"https:\/\/terragina.de\/blog\/wp-json\/wp\/v2\/comments?post=14095"}],"version-history":[{"count":0,"href":"https:\/\/terragina.de\/blog\/wp-json\/wp\/v2\/posts\/14095\/revisions"}],"wp:attachment":[{"href":"https:\/\/terragina.de\/blog\/wp-json\/wp\/v2\/media?parent=14095"}],"wp:term":[{"taxonomy":"category","embeddable":true,"href":"https:\/\/terragina.de\/blog\/wp-json\/wp\/v2\/categories?post=14095"},{"taxonomy":"post_tag","embeddable":true,"href":"https:\/\/terragina.de\/blog\/wp-json\/wp\/v2\/tags?post=14095"}],"curies":[{"name":"wp","href":"https:\/\/api.w.org\/{rel}","templated":true}]}}