{"id":14610,"date":"2015-05-31T15:10:18","date_gmt":"2015-05-31T13:10:18","guid":{"rendered":"http:\/\/terragina.de\/blog\/?p=14610"},"modified":"2015-05-31T19:12:23","modified_gmt":"2015-05-31T17:12:23","slug":"meine-kameratasche","status":"publish","type":"post","link":"https:\/\/terragina.de\/blog\/2015\/05\/31\/meine-kameratasche\/","title":{"rendered":"Meine Kameratasche"},"content":{"rendered":"<p>Auf Wunsch einer einzelnen Dame zeige ich Euch heute gerne einmal die neue Kameratasche. Ich habe ja auch mit einem Modell von der <a href=\"https:\/\/www.photoqueen.de\" target=\"_blank\">Photoqueen<\/a> gelieb\u00c3\u00a4ugelt, diese sind auch superschick, aber mir einfach zu teuer.  :noidea: <!--more--><\/p>\n<p>Ich habe ja einen supertollen Fotorucksack, in dem Platz f\u00c3\u00bcr die Kamera und 3-4 weitere Objektive, Blitz und noch weiteren Zubeh\u00c3\u00b6r ist. Nur leider hat der Rucksack dann auch ein ordentliches Gewicht und meistens brauche ich nicht mehr als ein, zwei Objektive f\u00c3\u00bcr einen Tagesausflug mit der Kamera. Dazu kommt, dass es sich wie gesagt um einen Rucksack handelt, den man erstmal vorholen und dann mit einem Rei\u00c3\u0178verschluss \u00c3\u00b6ffnen muss, was leider auf Dauer ganz sch\u00c3\u00b6n umst\u00c3\u00a4ndlich ist. Wahrscheinlich ist er eher f\u00c3\u00bcr M\u00c3\u00a4nner konzipiert, hat aber durchaus seinen Sinn, wenn ich im Urlaub erstmal die komplette Kameraausr\u00c3\u00bcstung von A nach B transportieren muss. :blush:<\/p>\n<p>Jetzt sollte also endlich noch eine weitere, kleinere Tasche her.  :yes1: <\/p>\n<p>Rein passen sollte die Kamera mit einem gr\u00c3\u00b6\u00c3\u0178eren Objektiv und noch ein kleines weiteres. Und noch ein wenig Zubeh\u00c3\u00b6r wie Ersatzakku, Reinigungstuch und Ersatzspeicherkarte. Mehr nicht. Ich habe mich erst bei Amazon umgesehen, wurde aber nicht f\u00c3\u00bcndig. Gestern in der Stadt war ich dann bei Saturn, wo ich dieser Tasche begegnete und sie erschien mir genau richtig. Und da ich die Kamera auch dabei hatte, konnte ich auch direkt ausprobieren ob alles passt.<\/p>\n<p><a href=\"http:\/\/terragina.de\/blog\/wp-content\/uploads\/2015\/05\/kameratasche.jpg\" rel=\"lightbox[14610]\"><img loading=\"lazy\" decoding=\"async\" class=\"aligncenter size-full wp-image-14611\" src=\"http:\/\/terragina.de\/blog\/wp-content\/uploads\/2015\/05\/kameratasche.jpg\" alt=\"kameratasche\" width=\"450\" height=\"450\" srcset=\"https:\/\/terragina.de\/blog\/wp-content\/uploads\/2015\/05\/kameratasche.jpg 900w, https:\/\/terragina.de\/blog\/wp-content\/uploads\/2015\/05\/kameratasche-840x840.jpg 840w, https:\/\/terragina.de\/blog\/wp-content\/uploads\/2015\/05\/kameratasche-800x800.jpg 800w, https:\/\/terragina.de\/blog\/wp-content\/uploads\/2015\/05\/kameratasche-120x120.jpg 120w\" sizes=\"auto, (max-width: 450px) 100vw, 450px\" \/><\/a><\/p>\n<p>Ich bin superhappy damit. Die Tasche ist leicht, sie hat einen Klickverschluss, um schnell an die Kamera zu kommen <em>und auch einen Reissverschluss zum sicheren Verstauen beim Transport, z.B. im Auto oder Flugzeug<\/em>. Der Klickverschluss ist Gold wert, wenn man die Kamera mal schnell greifen m\u00c3\u00b6chte. Getragen wird sie an einem breiten, geposterten Schultergurt, der in der L\u00c3\u00a4nge verstellbar ist und auch sehr gut <em>quer \u00c3\u00bcber der Schulter<\/em> getragen werden kann.<\/p>\n<p>Bei <a href=\"https:\/\/www.cullmann.de\/detail\/id\/ultralight-pro-maxima-120.html\" target=\"_blank\">Cullmann<\/a> gibt es noch weitere Informationen dazu und sp\u00c3\u00a4ter habe ich sie auch bei <a href=\"http:\/\/shortlinks.de\/yhym\" target=\"_blank\">Amazon<\/a> gefunden und gesehen, dass sie schon ein paar sehr gute Bewertungen bekommen hat.  :) <\/p>\n<p>Wer also von Euch auf der Suche nach einer handlichen, leichten Kameratasche f\u00c3\u00bcr eine SLR- oder Bridgekamera ist, ist hier bestens bedient. ;)<\/p>\n<p><em>Macht Euch noch einen sch\u00c3\u00b6nen Sonntag!<\/em> :winke:<\/p>\n","protected":false},"excerpt":{"rendered":"<p>Auf Wunsch einer einzelnen Dame zeige ich Euch heute gerne einmal die neue Kameratasche. Ich habe ja auch mit einem Modell von der Photoqueen gelieb\u00c3\u00a4ugelt, diese sind auch superschick, aber mir einfach zu teuer. :noidea:<\/p>\n","protected":false},"author":1,"featured_media":0,"comment_status":"open","ping_status":"open","sticky":false,"template":"","format":"standard","meta":{"_jetpack_newsletter_access":"","_jetpack_dont_email_post_to_subs":false,"_jetpack_newsletter_tier_id":0,"_jetpack_memberships_contains_paywalled_content":false,"_jetpack_memberships_contains_paid_content":false,"footnotes":""},"categories":[2],"tags":[964,923,922],"class_list":["post-14610","post","type-post","status-publish","format-standard","hentry","category-foto","tag-fotografie","tag-kamera","tag-zubehoer"],"jetpack_sharing_enabled":true,"jetpack_shortlink":"https:\/\/wp.me\/pq7aY-3NE","jetpack_likes_enabled":true,"jetpack-related-posts":[],"jetpack_featured_media_url":"","_links":{"self":[{"href":"https:\/\/terragina.de\/blog\/wp-json\/wp\/v2\/posts\/14610","targetHints":{"allow":["GET"]}}],"collection":[{"href":"https:\/\/terragina.de\/blog\/wp-json\/wp\/v2\/posts"}],"about":[{"href":"https:\/\/terragina.de\/blog\/wp-json\/wp\/v2\/types\/post"}],"author":[{"embeddable":true,"href":"https:\/\/terragina.de\/blog\/wp-json\/wp\/v2\/users\/1"}],"replies":[{"embeddable":true,"href":"https:\/\/terragina.de\/blog\/wp-json\/wp\/v2\/comments?post=14610"}],"version-history":[{"count":0,"href":"https:\/\/terragina.de\/blog\/wp-json\/wp\/v2\/posts\/14610\/revisions"}],"wp:attachment":[{"href":"https:\/\/terragina.de\/blog\/wp-json\/wp\/v2\/media?parent=14610"}],"wp:term":[{"taxonomy":"category","embeddable":true,"href":"https:\/\/terragina.de\/blog\/wp-json\/wp\/v2\/categories?post=14610"},{"taxonomy":"post_tag","embeddable":true,"href":"https:\/\/terragina.de\/blog\/wp-json\/wp\/v2\/tags?post=14610"}],"curies":[{"name":"wp","href":"https:\/\/api.w.org\/{rel}","templated":true}]}}