{"id":14763,"date":"2015-06-15T04:59:27","date_gmt":"2015-06-15T02:59:27","guid":{"rendered":"http:\/\/terragina.de\/blog\/?p=14763"},"modified":"2015-06-15T04:58:30","modified_gmt":"2015-06-15T02:58:30","slug":"alles-fuer-die-katz-12","status":"publish","type":"post","link":"https:\/\/terragina.de\/blog\/2015\/06\/15\/alles-fuer-die-katz-12\/","title":{"rendered":"Alles f\u00c3\u00bcr die Katz #12"},"content":{"rendered":"<p><a href=\"http:\/\/www.jaellekatz.de\/category\/alles-fuer-die-katz\" target=\"_blank\"><img loading=\"lazy\" decoding=\"async\" class=\"right\" style=\"float: right; margin: 10px;\" src=\"http:\/\/terragina.de\/blog\/images\/alles_fuer_die_katz_logo_160x160.jpg\" alt=\"\" width=\"160\" height=\"160\" data-position=\"3\" \/><\/a><\/p>\n<p><strong>Halbzeit!<\/strong> <em>Wie jetzt &#8211; ist es schon wieder soweit?<\/em> Nun sind wir bei <a href=\"http:\/\/www.jaellekatz.de\/alles-fuer-die-katz\/alles-fuer-die-katz-12\" target=\"_blank\">Sylvias<\/a> sch\u00c3\u00b6nem Katzenprojekt schon in der Mitte des Jahres angelangt und ich staune immer wieder, wie schnell die Zeit vergeht. :whistle: <!--more--><\/p>\n<p>Eigentlich wollte ich diese Fotos gestern schon hochladen, aber dann habe ich mich besonnen, dass ja am 15. wieder \u00e2\u20ac\u017eAlles-f\u00c3\u00bcr-die-Katz-Tag&#8220; ist und so zeige ich Euch das Katertier, wie er mich am Samstag kurz in meinem kleinen B\u00c3\u00bcro besucht hat &#8211; das hat Seltenheitswert. :catlove:<\/p>\n<p><a href=\"http:\/\/terragina.de\/blog\/wp-content\/uploads\/2015\/06\/padano_13062015_03.jpg\" rel=\"lightbox[14763]\"><img loading=\"lazy\" decoding=\"async\" class=\"aligncenter size-full wp-image-14764\" src=\"http:\/\/terragina.de\/blog\/wp-content\/uploads\/2015\/06\/padano_13062015_03.jpg\" alt=\"padano_13062015_03\" width=\"450\" height=\"338\" \/><\/a><\/p>\n<p><a href=\"http:\/\/terragina.de\/blog\/wp-content\/uploads\/2015\/06\/padano_13062015_02.jpg\" rel=\"lightbox[14763]\"><img loading=\"lazy\" decoding=\"async\" class=\"aligncenter size-full wp-image-14765\" src=\"http:\/\/terragina.de\/blog\/wp-content\/uploads\/2015\/06\/padano_13062015_02.jpg\" alt=\"padano_13062015_02\" width=\"450\" height=\"338\" \/><\/a><\/p>\n<p><a href=\"http:\/\/terragina.de\/blog\/wp-content\/uploads\/2015\/06\/padano_13062015_01.jpg\" rel=\"lightbox[14763]\"><img loading=\"lazy\" decoding=\"async\" class=\"aligncenter size-full wp-image-14766\" src=\"http:\/\/terragina.de\/blog\/wp-content\/uploads\/2015\/06\/padano_13062015_01.jpg\" alt=\"padano_13062015_01\" width=\"450\" height=\"600\" srcset=\"https:\/\/terragina.de\/blog\/wp-content\/uploads\/2015\/06\/padano_13062015_01.jpg 600w, https:\/\/terragina.de\/blog\/wp-content\/uploads\/2015\/06\/padano_13062015_01-420x560.jpg 420w\" sizes=\"auto, (max-width: 450px) 100vw, 450px\" \/><\/a><\/p>\n<p>Die Fotos sind qualitativ nicht der Renner, aber ich musste mich ranhalten, um schnell ins Erdgeschoss zu laufen und das iPhone zu holen, bevor es sich der Kater wieder anders \u00c3\u00bcberlegt. Die gro\u00c3\u0178e Kamera h\u00c3\u00a4tte ich wahrscheinlich nicht so schnell parat gehabt und dann w\u00c3\u00a4re dieser kleine Moment sicher wieder vorbei gewesen. <span style=\"font-size: small;\">War am Ende auch so, ich habe gerade noch diese drei Bilder knipsen k\u00c3\u00b6nnen.<\/span> :-)<\/p>\n<p style=\"text-align: center;\"><em>Ich w\u00c3\u00bcnsche Euch allen eine supertolle 3. Juni-Woche!<\/em><\/p>\n","protected":false},"excerpt":{"rendered":"<p>Halbzeit! Wie jetzt &#8211; ist es schon wieder soweit? Nun sind wir bei Sylvias sch\u00c3\u00b6nem Katzenprojekt schon in der Mitte des Jahres angelangt und ich staune immer wieder, wie schnell die Zeit vergeht. :whistle:<\/p>\n","protected":false},"author":1,"featured_media":0,"comment_status":"open","ping_status":"open","sticky":false,"template":"","format":"standard","meta":{"_jetpack_newsletter_access":"","_jetpack_dont_email_post_to_subs":false,"_jetpack_newsletter_tier_id":0,"_jetpack_memberships_contains_paywalled_content":false,"_jetpack_memberships_contains_paid_content":false,"footnotes":""},"categories":[819,728],"tags":[750,751,39,30,418],"class_list":["post-14763","post","type-post","status-publish","format-standard","hentry","category-alles-fuer-die-katz","category-cat-corner","tag-alles-fuer-die-katz","tag-fotoprojekt","tag-katzen","tag-maine-coon","tag-padano"],"jetpack_sharing_enabled":true,"jetpack_shortlink":"https:\/\/wp.me\/pq7aY-3Q7","jetpack_likes_enabled":true,"jetpack-related-posts":[],"jetpack_featured_media_url":"","_links":{"self":[{"href":"https:\/\/terragina.de\/blog\/wp-json\/wp\/v2\/posts\/14763","targetHints":{"allow":["GET"]}}],"collection":[{"href":"https:\/\/terragina.de\/blog\/wp-json\/wp\/v2\/posts"}],"about":[{"href":"https:\/\/terragina.de\/blog\/wp-json\/wp\/v2\/types\/post"}],"author":[{"embeddable":true,"href":"https:\/\/terragina.de\/blog\/wp-json\/wp\/v2\/users\/1"}],"replies":[{"embeddable":true,"href":"https:\/\/terragina.de\/blog\/wp-json\/wp\/v2\/comments?post=14763"}],"version-history":[{"count":0,"href":"https:\/\/terragina.de\/blog\/wp-json\/wp\/v2\/posts\/14763\/revisions"}],"wp:attachment":[{"href":"https:\/\/terragina.de\/blog\/wp-json\/wp\/v2\/media?parent=14763"}],"wp:term":[{"taxonomy":"category","embeddable":true,"href":"https:\/\/terragina.de\/blog\/wp-json\/wp\/v2\/categories?post=14763"},{"taxonomy":"post_tag","embeddable":true,"href":"https:\/\/terragina.de\/blog\/wp-json\/wp\/v2\/tags?post=14763"}],"curies":[{"name":"wp","href":"https:\/\/api.w.org\/{rel}","templated":true}]}}