{"id":14797,"date":"2015-06-15T09:46:35","date_gmt":"2015-06-15T07:46:35","guid":{"rendered":"http:\/\/terragina.de\/blog\/?p=14797"},"modified":"2015-06-15T09:48:52","modified_gmt":"2015-06-15T07:48:52","slug":"makro-montag-feuerwanze","status":"publish","type":"post","link":"https:\/\/terragina.de\/blog\/2015\/06\/15\/makro-montag-feuerwanze\/","title":{"rendered":"Makro-Montag: Feuerwanze"},"content":{"rendered":"<p>Ein paar Wochen habe ich ausgesetzt, aber heute bin ich wieder dabei, bei <a href=\"http:\/\/aufmeineartphotographieunddesign.blogspot.de\/search\/label\/MakroMontag\" target=\"_blank\">Brittas Makro-Montag<\/a>.<!--more--><\/p>\n<p>Eigentlich bin ich immer davon ausgegangen, dass es sich bei diesen kleinen K\u00c3\u00a4fern um Feuerk\u00c3\u00a4fer handelt. <em>Was f\u00c3\u00bcr ein Irtum!\u00c2\u00a0<\/em> :whistle: \u00c2\u00a0Dank Tante Google wei\u00c3\u0178 ich jetzt, dass es sich bei den\u00c2\u00a0kleinen schwarz-roten K\u00c3\u00a4ferchen, in unserem Garten vorwiegend an und um den Hibiskus zu finden, um die <em>Gemeinen<\/em> Feuerwanzen handelt.\u00c2\u00a0 :yes:<\/p>\n<p><a href=\"http:\/\/terragina.de\/blog\/wp-content\/uploads\/2015\/06\/gemeine-feuerwanze-02.jpg\" rel=\"lightbox[14797]\"><img loading=\"lazy\" decoding=\"async\" class=\"aligncenter size-full wp-image-14794\" src=\"http:\/\/terragina.de\/blog\/wp-content\/uploads\/2015\/06\/gemeine-feuerwanze-02.jpg\" alt=\"gemeine-feuerwanze-02\" width=\"450\" height=\"388\" \/><\/a><\/p>\n<p><a href=\"http:\/\/terragina.de\/blog\/wp-content\/uploads\/2015\/06\/gemeine-feuerwanze-01.jpg\" rel=\"lightbox[14797]\"><img loading=\"lazy\" decoding=\"async\" class=\"aligncenter size-full wp-image-14795\" src=\"http:\/\/terragina.de\/blog\/wp-content\/uploads\/2015\/06\/gemeine-feuerwanze-01.jpg\" alt=\"gemeine-feuerwanze-01\" width=\"450\" height=\"388\" \/><\/a><\/p>\n<p><a href=\"http:\/\/terragina.de\/blog\/wp-content\/uploads\/2015\/06\/gemeine-feuerwanze-03.jpg\" rel=\"lightbox[14797]\"><img loading=\"lazy\" decoding=\"async\" class=\"aligncenter size-full wp-image-14796\" src=\"http:\/\/terragina.de\/blog\/wp-content\/uploads\/2015\/06\/gemeine-feuerwanze-03.jpg\" alt=\"gemeine-feuerwanze-03\" width=\"450\" height=\"388\" \/><\/a><\/p>\n<p><em>Ich w\u00c3\u00bcnsche Euch allen eine wundersch\u00c3\u00b6ne neue Woche und schaut auch mal bei Britta vorbei &#8211; dort sind wundervolle Makroaufnahmen zu finden. ;)<\/em><\/p>\n","protected":false},"excerpt":{"rendered":"<p>Ein paar Wochen habe ich ausgesetzt, aber heute bin ich wieder dabei, bei Brittas Makro-Montag.<\/p>\n","protected":false},"author":1,"featured_media":0,"comment_status":"open","ping_status":"open","sticky":false,"template":"","format":"standard","meta":{"_jetpack_newsletter_access":"","_jetpack_dont_email_post_to_subs":false,"_jetpack_newsletter_tier_id":0,"_jetpack_memberships_contains_paywalled_content":false,"_jetpack_memberships_contains_paid_content":false,"footnotes":""},"categories":[2],"tags":[817,421,69,896,428],"class_list":["post-14797","post","type-post","status-publish","format-standard","hentry","category-foto","tag-foto-2","tag-fotoalbum","tag-makro","tag-makro-montag","tag-projekt"],"jetpack_sharing_enabled":true,"jetpack_shortlink":"https:\/\/wp.me\/pq7aY-3QF","jetpack_likes_enabled":true,"jetpack-related-posts":[],"jetpack_featured_media_url":"","_links":{"self":[{"href":"https:\/\/terragina.de\/blog\/wp-json\/wp\/v2\/posts\/14797","targetHints":{"allow":["GET"]}}],"collection":[{"href":"https:\/\/terragina.de\/blog\/wp-json\/wp\/v2\/posts"}],"about":[{"href":"https:\/\/terragina.de\/blog\/wp-json\/wp\/v2\/types\/post"}],"author":[{"embeddable":true,"href":"https:\/\/terragina.de\/blog\/wp-json\/wp\/v2\/users\/1"}],"replies":[{"embeddable":true,"href":"https:\/\/terragina.de\/blog\/wp-json\/wp\/v2\/comments?post=14797"}],"version-history":[{"count":0,"href":"https:\/\/terragina.de\/blog\/wp-json\/wp\/v2\/posts\/14797\/revisions"}],"wp:attachment":[{"href":"https:\/\/terragina.de\/blog\/wp-json\/wp\/v2\/media?parent=14797"}],"wp:term":[{"taxonomy":"category","embeddable":true,"href":"https:\/\/terragina.de\/blog\/wp-json\/wp\/v2\/categories?post=14797"},{"taxonomy":"post_tag","embeddable":true,"href":"https:\/\/terragina.de\/blog\/wp-json\/wp\/v2\/tags?post=14797"}],"curies":[{"name":"wp","href":"https:\/\/api.w.org\/{rel}","templated":true}]}}